{"id":1245,"date":"2010-02-11T20:35:23","date_gmt":"2010-02-11T19:35:23","guid":{"rendered":"http:\/\/www.prolocodeliceto.it\/zeroweb\/?p=1245"},"modified":"2010-02-18T22:01:59","modified_gmt":"2010-02-18T21:01:59","slug":"san-biagio-e-s-agata","status":"publish","type":"post","link":"http:\/\/www.prolocodeliceto.it\/zeroweb\/?p=1245","title":{"rendered":"San Biagio e S. Agata"},"content":{"rendered":"<p style=\"background: white; margin: 0cm 0cm 0pt; text-align: justify; tab-stops: 94.5pt center 240.95pt\" class=\"MsoNormal\"><strong><span style=\"font-size: 9pt; color: #040317; font-family: Verdana\"><\/span><\/strong><\/p>\n<p><span style=\"font-size: 9pt; color: #040317; font-family: Verdana\">\u00a0<\/p>\n<p><\/span><strong><span style=\"font-size: 9pt; font-family: Verdana\">SANT\u2019AGATA &#8211;<\/span><\/strong><span style=\"font-size: 9pt; font-family: Verdana\"> Il 3 e il 5 febbraio a Sant\u2019Agata di Puglia si tengono due feste importanti per la devozione religiosa, la prima \u00e8 in onore del Vescovo e Martire San Biagio, la seconda festa \u00e8 dedicata, invece, alla\u00a0Vergine e Martire catanese S. Agata, Protettrice e Patrona del paese, che sub\u00ec il martirio con l&#8217;estirpazione delle mammelle. Il culto del popolo santagatese per questi due santi si perde nei secoli.<br \/>\nLa statua di San Biagio viene oggi custodita nella chiesa di San Michele Arcangelo, \u00e8 considerato protettore dei malati di gola e dei cardatori e filatori di lana, San Biagio \u00e8 ritenuto anche il patrono dei suonatori di strumenti a fiato e delle coppie di fidanzati. Per entrambi le festivit\u00e0 il programma \u00e8 prettamente religioso, eccezion fatta per la tradizione popolare (ma comunque legata alla devozione per i due santi) della distribuzione di piccoli pani azzimi da parte dell\u2019Amministrazione Comunale che, al fine di continuare a promuovere e valorizzare tale tradizione, dispone da anni la preparazione e la benedizione dei pani a forma di panelle per San Biagio e di seni per <\/span>\n<personname ProductID=\"la Madonna.\"><span style=\"font-size: 9pt; font-family: Verdana\">la Madonna.<\/span><\/personname><span style=\"font-size: 9pt; font-family: Verdana\"> <\/span><strong><em><span style=\"font-size: 9pt; font-family: Verdana\">\u201cRe panerre re San Bijese\u201d<\/span><\/em><\/strong><span style=\"font-size: 9pt; font-family: Verdana\"> (le panelle di San Biagio), sono di forma rettangolare, con incisioni di quadratini e sono legate da nastrini colorati. In ogni casa tra tradizione e devozione la panella viene divisa in due: una parte viene di solito consumata dopo aver recitato alcune preghiere, la rimanente parte la si conserva, per qualche parente lontano. Il nastrino benedetto, invece, viene legato intorno al collo di chi soffre di disturbi legati al mal di gola e dei bambini, ritenuti quelli pi\u00f9 esposti proprio alle malattie della gola.<\/span><strong><em><span style=\"font-size: 9pt; font-family: Verdana\">\u201cRe mmenne re Sand&#8217;Aheta\u201d<\/span><\/em><\/strong><span style=\"font-size: 9pt; font-family: Verdana\"> (le mammelle di Sant\u2019Agata), come dice appunto il nome, hanno la forma di seni. La tradizione all&#8217;epoca vedeva le donne santagatesi gi\u00e0 dal mattino presto portare una candela alla Santa e, in capienti canestri di vimini rivestiti di bianche tovaglie ricamate, depositare ai suoi piedi, per la benedizione, i piccoli pani azzimi a forma di seni. Dopo <\/span>\n<personname ProductID=\"la Santa Messa\"><span style=\"font-size: 9pt; font-family: Verdana\">la Santa Messa<\/span><\/personname><span style=\"font-size: 9pt; font-family: Verdana\"> e il rito della benedizione, venivano distribuite e consumate con devozione, dopo aver recitato una preghiera. Il cinque febbraio, un gruppo di ragazze, le <em>Agatine<\/em>, con tunica e mantello dai colori della statua della Santa, girano per tutto il paese bussando porta per porta e donando ad ogni famiglia i pani benedetti a forma di mammelle che ognuno consumer\u00e0 con la stessa antica devozione<span style=\"color: #040317\">.<\/span><\/span><span style=\"font-size: 9pt; color: #040317; font-family: Verdana\">\u00a0<\/p>\n<p><\/span><strong><span style=\"font-size: 9pt; color: #040317; font-family: Verdana\">Mariagrazia Bonuomo<\/span><\/strong><\/p>\n","protected":false},"excerpt":{"rendered":"<p>\u00a0 SANT\u2019AGATA &#8211; Il 3 e il 5 febbraio a Sant\u2019Agata di Puglia si tengono due feste importanti per la devozione religiosa, la prima \u00e8 in onore del Vescovo e Martire San Biagio, la seconda festa \u00e8 dedicata, invece, alla\u00a0Vergine e Martire catanese S. Agata, Protettrice e Patrona del paese, che sub\u00ec il martirio con [&hellip;]<\/p>\n","protected":false},"author":29,"featured_media":0,"comment_status":"open","ping_status":"open","sticky":false,"template":"","format":"standard","meta":[],"categories":[7],"tags":[],"_links":{"self":[{"href":"http:\/\/www.prolocodeliceto.it\/zeroweb\/index.php?rest_route=\/wp\/v2\/posts\/1245"}],"collection":[{"href":"http:\/\/www.prolocodeliceto.it\/zeroweb\/index.php?rest_route=\/wp\/v2\/posts"}],"about":[{"href":"http:\/\/www.prolocodeliceto.it\/zeroweb\/index.php?rest_route=\/wp\/v2\/types\/post"}],"author":[{"embeddable":true,"href":"http:\/\/www.prolocodeliceto.it\/zeroweb\/index.php?rest_route=\/wp\/v2\/users\/29"}],"replies":[{"embeddable":true,"href":"http:\/\/www.prolocodeliceto.it\/zeroweb\/index.php?rest_route=%2Fwp%2Fv2%2Fcomments&post=1245"}],"version-history":[{"count":0,"href":"http:\/\/www.prolocodeliceto.it\/zeroweb\/index.php?rest_route=\/wp\/v2\/posts\/1245\/revisions"}],"wp:attachment":[{"href":"http:\/\/www.prolocodeliceto.it\/zeroweb\/index.php?rest_route=%2Fwp%2Fv2%2Fmedia&parent=1245"}],"wp:term":[{"taxonomy":"category","embeddable":true,"href":"http:\/\/www.prolocodeliceto.it\/zeroweb\/index.php?rest_route=%2Fwp%2Fv2%2Fcategories&post=1245"},{"taxonomy":"post_tag","embeddable":true,"href":"http:\/\/www.prolocodeliceto.it\/zeroweb\/index.php?rest_route=%2Fwp%2Fv2%2Ftags&post=1245"}],"curies":[{"name":"wp","href":"https:\/\/api.w.org\/{rel}","templated":true}]}}