{"id":1214,"date":"2010-01-17T20:11:54","date_gmt":"2010-01-17T19:11:54","guid":{"rendered":"http:\/\/www.prolocodeliceto.it\/zeroweb\/?p=1214"},"modified":"2010-02-06T18:47:09","modified_gmt":"2010-02-06T17:47:09","slug":"ufficio-scolastico-provinciale","status":"publish","type":"post","link":"http:\/\/www.prolocodeliceto.it\/zeroweb\/?p=1214","title":{"rendered":"UFFICIO SCOLASTICO PROVINCIALE&#8230;"},"content":{"rendered":"<p><strong><em><u><span style=\"font-size: 13pt; font-family: 'Arial Narrow'\">COMUNICATO STAMPA<\/span><\/u><\/em><\/strong><strong><span style=\"font-size: 13pt; font-family: 'Arial Narrow'\">\u00a0<\/span><\/strong><strong><span style=\"font-size: 13pt; font-family: 'Arial Narrow'\"> <\/span><\/strong><strong><span style=\"font-size: 18pt; font-family: 'Arial Narrow'\">Ufficio Scolastico Provinciale e C.O.N.I. per l&#8217;alfabetizzazione motoria<\/span><\/strong><strong><span style=\"font-size: 16pt; font-family: 'Arial Narrow'\"><\/span><\/strong><strong><em><span style=\"font-size: 13pt; font-family: 'Arial Narrow'\">Venerd\u00ec 5 febbraio prossimo alle ore 10:00 la conferenza stampa di presentazione del progetto del Ministero Pubblica Istruzione presso l&#8217;Istituto &#8220;Saverio Altamura&#8221; di Foggia<\/span><\/em><\/strong><em><span style=\"font-size: 13pt; font-family: 'Arial Narrow'\">\u00a0<\/span><\/em><em><span style=\"font-size: 13pt; font-family: 'Arial Narrow'\"><strong><span style=\"font-family: 'Arial Narrow'\">Foggia, 03 febbraio 2010<\/span><\/strong><span style=\"font-family: 'Arial Narrow'\"> &#8211; Nome del progetto: <strong><em>&#8220;L&#8217;Alfabetizzazione Motoria nella Scuola Primaria&#8221;<\/em><\/strong>. Annunciato dal Ministero Pubblica Istruzione il 2 dicembre 2009 a Roma, con la presentazione al <strong>MIUR<\/strong> da parte del Ministro <strong>Mariastella Gelmini<\/strong>, del Presidente del <strong>CONI<\/strong> <strong>Giovanni Petrucci<\/strong> e del Sottosegretario con delega allo Sport <strong>Rocco Crimi<\/strong>. Destinatari di questa importante iniziativa sono gli alunni rientranti nella fascia di et\u00e0 compresa tra i 6 e i 10 anni, quelli, cio\u00e8, frequentanti la scuola elementare e, per questo, predisposti ad acquisire una buona capacit\u00e0 motoria.\u2028Strutturare per la prima volta in Italia l\u2019educazione motoria sulla base di precise linee guida scientifiche e prevenire i fenomeni di bullismo (lo sport, stimolando il senso di squadra e il rispetto reciproco, \u00e8 uno strumento indispensabile per contrastare i crescenti episodi di disagio giovanile). Sono questi gli obiettivi che il progetto intende perseguire.\u2028Il Ministero ha individuato per ogni regione del nostro Paese una provincia e, per quanto concerne la Puglia, la scelta \u00e8 caduta (tra le prime in Italia) sulla Capitanata, laddove l&#8217;Ufficio Scolastico Provinciale di Foggia (con il suo Dirigente dott. <strong>Giuseppe De Sabato<\/strong>) ed il C.O.N.I. provinciale (con il Presidente dott. <strong>Giuseppe Macchiarola<\/strong>, esperto in Medicina dello Sport) sono chiamati alla gestione del progetto che vedr\u00e0 il coordinamento delle attivit\u00e0 motorie da parte dell&#8217;esperto prof. <strong>Mimmo Di Molfetta<\/strong>, gi\u00e0 selezionatore della Nazionale di Atletica Leggera.<\/span><span style=\"font-family: 'Arial Narrow'\">Venerd\u00ec prossimo, 5 febbraio, intanto, si terr\u00e0 la conferenza stampa di presentazione del progetto presso l&#8217;<strong>Istituto Tecnico Industriale &#8220;Saverio Altamura&#8221;<\/strong> di Foggia alle ore 10:00, mentre a seguire, alle 11:00, i docenti di 50 scuole della provincia di Foggia e quelli neo-assunti, chiamati in quanto insegnanti di Educazione Fisica e Motoria stipuleranno un contratto di lavoro con il C.O.N.I.\u2028Alla conferenza stampa saranno presenti il dott. De Sabato, il dott. Macchiarola e il prof. Di Molfetta che spiegheranno le varie fasi e l&#8217;articolazione del progetto inserito nel Piano di Offerta Formativa delle scuole, dietro approvazione del Collegio Docenti.\u2028Da quanto appreso, parte nel mese corrente il <em>Progetto Pilota<\/em> che si concluder\u00e0 con la chiusura dell&#8217;anno scolastico in corso. Coinvolti 1000 scuole in tutta Italia per un totale di 10mila classi e 250mila alunni, compresi gli studenti disabili. Il <em>Progetto Definitivo<\/em> (dal 2010 al 2013) coinvolger\u00e0 gradualmente tutte le scuole.\u2028Insieme agli studenti, gli insegnanti sono i protagonisti principali della nuova iniziativa. Per svolgere al meglio tutte le attivit\u00e0 previste, i docenti saranno affiancati da esperti, laureati esclusivamente in Scienze Motorie o all\u2019ISEF. In totale saranno coinvolti 1000 operatori esterni (uno per ogni plesso scolastico).\u2028Tutte le scuole coinvolte nel Progetto Pilota potranno contare dunque sul contributo di un esperto che lavorer\u00e0 insieme ai docenti curriculari 2 ore a settimana, per 15 settimane, a partire dal 15 settembre 2010. \u2028Il Progetto Pilota sar\u00e0 monitorato costantemente da esperti, scelti dal MIUR e dal CONI, che verificheranno passo a passo le ricadute concrete dell\u2019iniziativa sul benessere degli alunni e l\u2019efficacia didattica del lavoro svolto dagli insegnanti.<\/span><span style=\"color: #666666; font-family: 'Arial Narrow'\">Ufficio Scolastico Provinciale \u2013 Foggia\u2028Dirigente: Dott. Giuseppe De Sabato<\/span><\/span><\/em><\/p>\n<p style=\"margin: 0cm 0cm 0pt\" class=\"MsoNormal\"><u><span style=\"font-size: 16pt; color: #404040; font-family: 'Arial Narrow'\"><\/span><\/u><\/p>\n","protected":false},"excerpt":{"rendered":"<p>COMUNICATO STAMPA\u00a0 Ufficio Scolastico Provinciale e C.O.N.I. per l&#8217;alfabetizzazione motoriaVenerd\u00ec 5 febbraio prossimo alle ore 10:00 la conferenza stampa di presentazione del progetto del Ministero Pubblica Istruzione presso l&#8217;Istituto &#8220;Saverio Altamura&#8221; di Foggia\u00a0Foggia, 03 febbraio 2010 &#8211; Nome del progetto: &#8220;L&#8217;Alfabetizzazione Motoria nella Scuola Primaria&#8221;. Annunciato dal Ministero Pubblica Istruzione il 2 dicembre 2009 a [&hellip;]<\/p>\n","protected":false},"author":29,"featured_media":0,"comment_status":"open","ping_status":"open","sticky":false,"template":"","format":"standard","meta":[],"categories":[7],"tags":[],"_links":{"self":[{"href":"http:\/\/www.prolocodeliceto.it\/zeroweb\/index.php?rest_route=\/wp\/v2\/posts\/1214"}],"collection":[{"href":"http:\/\/www.prolocodeliceto.it\/zeroweb\/index.php?rest_route=\/wp\/v2\/posts"}],"about":[{"href":"http:\/\/www.prolocodeliceto.it\/zeroweb\/index.php?rest_route=\/wp\/v2\/types\/post"}],"author":[{"embeddable":true,"href":"http:\/\/www.prolocodeliceto.it\/zeroweb\/index.php?rest_route=\/wp\/v2\/users\/29"}],"replies":[{"embeddable":true,"href":"http:\/\/www.prolocodeliceto.it\/zeroweb\/index.php?rest_route=%2Fwp%2Fv2%2Fcomments&post=1214"}],"version-history":[{"count":0,"href":"http:\/\/www.prolocodeliceto.it\/zeroweb\/index.php?rest_route=\/wp\/v2\/posts\/1214\/revisions"}],"wp:attachment":[{"href":"http:\/\/www.prolocodeliceto.it\/zeroweb\/index.php?rest_route=%2Fwp%2Fv2%2Fmedia&parent=1214"}],"wp:term":[{"taxonomy":"category","embeddable":true,"href":"http:\/\/www.prolocodeliceto.it\/zeroweb\/index.php?rest_route=%2Fwp%2Fv2%2Fcategories&post=1214"},{"taxonomy":"post_tag","embeddable":true,"href":"http:\/\/www.prolocodeliceto.it\/zeroweb\/index.php?rest_route=%2Fwp%2Fv2%2Ftags&post=1214"}],"curies":[{"name":"wp","href":"https:\/\/api.w.org\/{rel}","templated":true}]}}