{"id":1213,"date":"2010-02-02T11:44:47","date_gmt":"2010-02-02T10:44:47","guid":{"rendered":"http:\/\/www.prolocodeliceto.it\/zeroweb\/?p=1213"},"modified":"2010-02-04T20:14:15","modified_gmt":"2010-02-04T19:14:15","slug":"a-little-deliceto","status":"publish","type":"post","link":"http:\/\/www.prolocodeliceto.it\/zeroweb\/?p=1213","title":{"rendered":"A LITTLE DELICETO&#8230;"},"content":{"rendered":"<p><strong><span style=\"font-size: 9pt; font-family: Verdana\">A Little Deliceto oltreoceano<\/span><\/strong><span style=\"font-size: 9pt; font-family: Verdana\"><\/span>\u00a0<span style=\"font-size: 9pt; font-family: Verdana\"><a href=\"http:\/\/www.prolocodeliceto.it\/zeroweb\/wp-content\/foto-di-gruppo.jpg\" title=\"foto-di-gruppo.jpg\"><img decoding=\"async\" src=\"http:\/\/www.prolocodeliceto.it\/zeroweb\/wp-content\/foto-di-gruppo.thumbnail.jpg\" alt=\"foto-di-gruppo.jpg\" \/><\/a><\/span><span style=\"font-size: 9pt; font-family: Verdana\"> <\/span><span style=\"font-size: 9pt; font-family: Verdana\">Nella metropoli Canadese di Toronto nacque nel lontano 1992 un\u2019associazione dal cui nome s\u2019intuisce l\u2019appartenenza alle proprie radici ed il rispetto per chi le ha \u201cofferto\u201d una vita dignitosa: il <strong>DELICETO CANADIAN SOCIAL CLUB<\/strong>. Uno stimolo forte alla formazione lo diede anche il<em> <\/em>gruppo musicale folkloristico delicetano <em>Li Mastricchj,<\/em> che nelle festivit\u00e0 natalizie 1991\/92 fu ospite della comunit\u00e0 delicetana.<\/span><strong><span style=\"font-size: 9pt; font-family: Verdana\">Lo spirito di aggregazione che unisce i nostri compaesani emigranti \u00e8 indiscusso, vivace<\/span><\/strong><span style=\"font-size: 9pt; font-family: Verdana\"> e visibile nello sguardo e nei gesti semplici, nella generosit\u00e0 dell\u2019accoglienza. La consapevolezza di essersi integrati in una realt\u00e0 diversa da quella di partenza li rende forti. Un aspetto che colpisce \u00e8 la gestione dei rapporti umani, il rispetto \u00e8 predominante, la parentela e l\u2019amicizia sono il fulcro che ravviva la fiamma della quotidianit\u00e0. La distanza con il paese natio non \u00e8 solo chilometrico, le notizie arrivano veloci e si diffondono con la medesima rapidit\u00e0. <strong>Un piccolo aiuto lo diamo anche noi del giornale ELCE<\/strong>, presente nel Club con alcune copie, \u00e8 un piacere sapere che siamo letti ed apprezzati.<\/span><span style=\"font-size: 9pt; font-family: Verdana\">Nel periodo natalizio il club delicetano ha organizzato il capodanno, pubblicizzato sul Corriere Canadese (giornale locale in italiano), tutti soci ed amici hanno trascorso questa festa con cena e danze. Il clima che si respira \u00e8 un po\u2019 nostalgico, si ricordano i fasti degli anni migliori, quando tutti erano pi\u00f9 giovani, ma la voglia di divertirsi prende piede, cos\u00ec si dimentica la malinconia. Gli anni inesorabilmente passano, diventa difficile trasmettere alle nuove generazioni l\u2019<em>essere Italiano<\/em>, i figli, i nipoti sono Canadesi ed orgogliosi di esserlo. La nuova comunicazione informatica con internet, grazie agli strumenti offerti (email, social network, messenger, face book), fa s\u00ec che anche le nuove generazioni si scambino informazioni, quindi il cordone ombelicale che collega Canada e Italia rimane comunque vitale, basta alimentarlo.<\/span><span style=\"font-size: 9pt; font-family: Verdana\">\u00a0<\/span><span style=\"font-size: 9pt; font-family: Verdana\"><strong><span style=\"font-size: 9pt; font-family: Verdana\">Dall\u2019inviato a Toronto, Domenico Lipsi<\/span><\/strong><\/p>\n<p><\/span><\/p>\n","protected":false},"excerpt":{"rendered":"<p>A Little Deliceto oltreoceano\u00a0 Nella metropoli Canadese di Toronto nacque nel lontano 1992 un\u2019associazione dal cui nome s\u2019intuisce l\u2019appartenenza alle proprie radici ed il rispetto per chi le ha \u201cofferto\u201d una vita dignitosa: il DELICETO CANADIAN SOCIAL CLUB. Uno stimolo forte alla formazione lo diede anche il gruppo musicale folkloristico delicetano Li Mastricchj, che nelle [&hellip;]<\/p>\n","protected":false},"author":29,"featured_media":0,"comment_status":"open","ping_status":"open","sticky":false,"template":"","format":"standard","meta":[],"categories":[7],"tags":[],"_links":{"self":[{"href":"http:\/\/www.prolocodeliceto.it\/zeroweb\/index.php?rest_route=\/wp\/v2\/posts\/1213"}],"collection":[{"href":"http:\/\/www.prolocodeliceto.it\/zeroweb\/index.php?rest_route=\/wp\/v2\/posts"}],"about":[{"href":"http:\/\/www.prolocodeliceto.it\/zeroweb\/index.php?rest_route=\/wp\/v2\/types\/post"}],"author":[{"embeddable":true,"href":"http:\/\/www.prolocodeliceto.it\/zeroweb\/index.php?rest_route=\/wp\/v2\/users\/29"}],"replies":[{"embeddable":true,"href":"http:\/\/www.prolocodeliceto.it\/zeroweb\/index.php?rest_route=%2Fwp%2Fv2%2Fcomments&post=1213"}],"version-history":[{"count":0,"href":"http:\/\/www.prolocodeliceto.it\/zeroweb\/index.php?rest_route=\/wp\/v2\/posts\/1213\/revisions"}],"wp:attachment":[{"href":"http:\/\/www.prolocodeliceto.it\/zeroweb\/index.php?rest_route=%2Fwp%2Fv2%2Fmedia&parent=1213"}],"wp:term":[{"taxonomy":"category","embeddable":true,"href":"http:\/\/www.prolocodeliceto.it\/zeroweb\/index.php?rest_route=%2Fwp%2Fv2%2Fcategories&post=1213"},{"taxonomy":"post_tag","embeddable":true,"href":"http:\/\/www.prolocodeliceto.it\/zeroweb\/index.php?rest_route=%2Fwp%2Fv2%2Ftags&post=1213"}],"curies":[{"name":"wp","href":"https:\/\/api.w.org\/{rel}","templated":true}]}}