{"id":1201,"date":"2010-01-18T10:55:56","date_gmt":"2010-01-18T09:55:56","guid":{"rendered":"http:\/\/www.prolocodeliceto.it\/zeroweb\/?p=1201"},"modified":"2010-01-27T20:52:21","modified_gmt":"2010-01-27T19:52:21","slug":"medaglia-doro-alla-carriera","status":"publish","type":"post","link":"http:\/\/www.prolocodeliceto.it\/zeroweb\/?p=1201","title":{"rendered":"Medaglia d&#8217;oro alla carriera"},"content":{"rendered":"<p><strong><span style=\"font-family: Verdana; font-size: 9pt\">Medaglia d\u2019oro all\u2019onorata carriera<\/span><\/strong><strong><span style=\"font-family: Verdana; font-size: 9pt\">Premiato il nostro compaesano, l\u2019avvocato Nicola Bonuomo<\/span><\/strong><span style=\"font-family: Verdana; font-size: 9pt\">\u00a0<\/span><span style=\"font-family: Verdana; font-size: 9pt\"><span style=\"font-family: Verdana; font-size: 9pt\"><a href=\"http:\/\/www.prolocodeliceto.it\/zeroweb\/wp-content\/nicola-bonuomo.jpg\" title=\"nicola-bonuomo.jpg\"><img decoding=\"async\" src=\"http:\/\/www.prolocodeliceto.it\/zeroweb\/wp-content\/nicola-bonuomo.thumbnail.jpg\" alt=\"nicola-bonuomo.jpg\" \/><\/a><\/span><\/p>\n<p><\/span><span style=\"font-family: Verdana; font-size: 9pt\">18 dicembre 2009. L\u2019aula magna del Palazzo di Giustizia di Milano \u00e8 gremita di volti sorridenti; il presidente dell\u2019ordine degli avvocati, Paolo Giuggioli, scorre un elenco di nomi: sono quelli dei 48 avvocati convocati per la cerimonia solenne che li vede protagonisti fra applausi e congratulazioni. L\u2019Ordine degli Avvocati di Milano omaggia cos\u00ec, attraverso la consegna di una medaglia d\u2019oro, i suoi brillanti avvocati, premiando \u201cle nozze d\u2019oro\u201d, i 50 anni di esercizio dell\u2019attivit\u00e0 forense. Uno ad uno, i 48 avvocati vengono premiati, con vigorosi abbracci e maschie strette di mano, dopo aver dato lettura del curriculum vitae di ognuno. Fra essi, l\u2019avvocato Nicola Bonuomo, cittadino \u201cdi fatto\u201d della grande metropoli, ma col cuore sempre legato al suo paese natio: Deliceto.<\/span><span style=\"font-family: Verdana; font-size: 9pt\">Il presidente, davanti ad una Milano avvezza al caos e al traffico di citt\u00e0, ripercorre la vita del fanciullo e dello studente (tutti i passi fondamentali di una vita di sacrifici, passione e caparbiet\u00e0 che hanno modellato la sua formazione): il ricordo, nella lettura della biografia, riporta alla mente tempi lontani in cui lo studio era un privilegio per pochi, tempi duri in cui le scuole erano a 6 km da casa (tutti rigorosamente da percorrere a piedi). Di fondamentale importanza, come sottolineato dallo stesso avvocato, fu la formazione universitaria a Roma: prezioso, infatti, il fortuito incontro con Don Gnocchi, il quale arricch\u00ec di forza e di significato la formazione professionale, donando in eredit\u00e0 un bagaglio di umanit\u00e0 e sensibilit\u00e0 che, al di l\u00e0 dei libri, arricchisce il cuore e la passione di chi crede nella propria professione. A Roma, infatti, ricopre il ruolo di istitutore di una classe di ciechi (proprio in una delle strutture create e gestite dal sacerdote Lombardo, \u201cil pap\u00e0 dei mutilati\u201d). Forte di quegli insegnamenti, dopo la laurea, si trasferisce a Milano dove inizia, con dedizione e fatica, a costruire la brillante carriera che oggi \u00e8 stata premiata.<\/span><span style=\"font-family: Verdana; font-size: 9pt\">La piccola Deliceto, lieta ed orgogliosa, si unisce in un plauso che risuona da lontano e che si rivolge all\u2019avvocato, ma prima ancora \u201cal figlio\u201d che, sebbene abbia percorso tanta strada, non ha mai dimenticato la sua terra, le sue radici\u2026 il suo cuore.<\/span><span style=\"font-family: Verdana; font-size: 9pt\">\u00a0<\/span><span style=\"font-family: Verdana; font-size: 9pt\"><strong><span style=\"font-family: Verdana; font-size: 9pt\">Teresa Bizzarro<\/span><\/strong><span style=\"font-family: Verdana; font-size: 9pt\"><\/span><\/p>\n<p><\/span><\/p>\n","protected":false},"excerpt":{"rendered":"<p>Medaglia d\u2019oro all\u2019onorata carrieraPremiato il nostro compaesano, l\u2019avvocato Nicola Bonuomo\u00a0 18 dicembre 2009. L\u2019aula magna del Palazzo di Giustizia di Milano \u00e8 gremita di volti sorridenti; il presidente dell\u2019ordine degli avvocati, Paolo Giuggioli, scorre un elenco di nomi: sono quelli dei 48 avvocati convocati per la cerimonia solenne che li vede protagonisti fra applausi e [&hellip;]<\/p>\n","protected":false},"author":29,"featured_media":0,"comment_status":"open","ping_status":"open","sticky":false,"template":"","format":"standard","meta":[],"categories":[7],"tags":[],"_links":{"self":[{"href":"http:\/\/www.prolocodeliceto.it\/zeroweb\/index.php?rest_route=\/wp\/v2\/posts\/1201"}],"collection":[{"href":"http:\/\/www.prolocodeliceto.it\/zeroweb\/index.php?rest_route=\/wp\/v2\/posts"}],"about":[{"href":"http:\/\/www.prolocodeliceto.it\/zeroweb\/index.php?rest_route=\/wp\/v2\/types\/post"}],"author":[{"embeddable":true,"href":"http:\/\/www.prolocodeliceto.it\/zeroweb\/index.php?rest_route=\/wp\/v2\/users\/29"}],"replies":[{"embeddable":true,"href":"http:\/\/www.prolocodeliceto.it\/zeroweb\/index.php?rest_route=%2Fwp%2Fv2%2Fcomments&post=1201"}],"version-history":[{"count":0,"href":"http:\/\/www.prolocodeliceto.it\/zeroweb\/index.php?rest_route=\/wp\/v2\/posts\/1201\/revisions"}],"wp:attachment":[{"href":"http:\/\/www.prolocodeliceto.it\/zeroweb\/index.php?rest_route=%2Fwp%2Fv2%2Fmedia&parent=1201"}],"wp:term":[{"taxonomy":"category","embeddable":true,"href":"http:\/\/www.prolocodeliceto.it\/zeroweb\/index.php?rest_route=%2Fwp%2Fv2%2Fcategories&post=1201"},{"taxonomy":"post_tag","embeddable":true,"href":"http:\/\/www.prolocodeliceto.it\/zeroweb\/index.php?rest_route=%2Fwp%2Fv2%2Ftags&post=1201"}],"curies":[{"name":"wp","href":"https:\/\/api.w.org\/{rel}","templated":true}]}}