{"id":1198,"date":"2010-01-21T12:09:50","date_gmt":"2010-01-21T11:09:50","guid":{"rendered":"http:\/\/www.prolocodeliceto.it\/zeroweb\/?p=1198"},"modified":"2010-01-25T21:56:30","modified_gmt":"2010-01-25T20:56:30","slug":"le-bollette-del-gas-una-questione-da-risolvere","status":"publish","type":"post","link":"http:\/\/www.prolocodeliceto.it\/zeroweb\/?p=1198","title":{"rendered":"Le Bollette del GAS: una questione da risolvere"},"content":{"rendered":"<p style=\"margin: 0cm 0cm 0pt; text-align: justify\" class=\"Nessunaspaziatura\"><strong><span style=\"font-size: 9pt; font-family: Verdana\"><\/span><\/strong><\/p>\n<p><span style=\"font-size: 9pt; font-family: Verdana\">\u00a0<\/p>\n<p><\/span><span style=\"font-size: 9pt; font-family: Verdana\">\u00a0<\/p>\n<p><\/span><strong><span style=\"font-size: 9pt; font-family: Verdana\">Antonietta Petrella<\/span><\/strong><span style=\"font-size: 9pt; font-family: Verdana\">\u00a0<\/p>\n<p><\/span><strong><span style=\"font-size: 9pt; font-family: Verdana\">DELICETO &#8211;<\/span><\/strong><span style=\"font-size: 9pt; font-family: Verdana\"> Negli ultimi mesi, nel nostro paese, si \u00e8 verificato un evento che ha creato disagi nella popolazione, soprattutto quella pi\u00f9 anziana. <\/span><span style=\"font-size: 9pt; font-family: Verdana\">Mi riferisco alle bollette del gas, una questione che sta facendo parlare perch\u00e9 purtroppo ancora non si arriva a capo di una soluzione. Gli eventi che si sono verificati, in particolare, sono due. Il primo risale a qualche mese fa, quando gran parte dei delicetani non ha ricevuto affatto la bolletta. Se \u00e8 vero che in molti sono riusciti a contattare la societ\u00e0 <em>Italcogim<\/em> per poter far fronte al problema, \u00e8 pur vero che numerosi anziani, impossibilitati ed ignari, hanno corso il rischio di vedersi staccare l\u2019erogazione del gas.<\/span><span style=\"font-size: 9pt; font-family: Verdana\">L\u2019<em>Italcogim<\/em> ha assicurato che avrebbe contattato la societ\u00e0 addetta alla consegna delle fatture, assicurando gli utenti che tali disguidi non si sarebbero pi\u00f9 verificati. Ma purtroppo la storia si \u00e8 ripetuta con l\u2019ultima bolletta, stavolta recapitata, ma con una data di pagamento gi\u00e0 scaduta da diversi giorni. <\/span><span style=\"font-size: 9pt; font-family: Verdana\">Per cercare di risolvere il problema, muovendosi in maniera compatta, \u00e8 stata approntata una lettera tipo da inviare alla societ\u00e0 erogatrice e, per conoscenza, necessariamente anche all\u2019Autorit\u00e0 per l\u2019energia elettrica e il gas. Di seguito riportiamo il fac-simile del reclamo.<\/span><span style=\"font-size: 9pt; font-family: Verdana\">Inoltre, \u00e8 anche in corso una petizione su iniziativa di diversi utenti: \u00e8 possibile aderire rivolgendosi allo studio commerciale di Antonella Capano in C.so Margherita. Aspettiamo fiduciosi, nella speranza che lo spiacevole inconveniente non si ripeta.<\/span><\/p>\n","protected":false},"excerpt":{"rendered":"<p>\u00a0 \u00a0 Antonietta Petrella\u00a0 DELICETO &#8211; Negli ultimi mesi, nel nostro paese, si \u00e8 verificato un evento che ha creato disagi nella popolazione, soprattutto quella pi\u00f9 anziana. Mi riferisco alle bollette del gas, una questione che sta facendo parlare perch\u00e9 purtroppo ancora non si arriva a capo di una soluzione. Gli eventi che si sono [&hellip;]<\/p>\n","protected":false},"author":29,"featured_media":0,"comment_status":"open","ping_status":"open","sticky":false,"template":"","format":"standard","meta":[],"categories":[7],"tags":[],"_links":{"self":[{"href":"http:\/\/www.prolocodeliceto.it\/zeroweb\/index.php?rest_route=\/wp\/v2\/posts\/1198"}],"collection":[{"href":"http:\/\/www.prolocodeliceto.it\/zeroweb\/index.php?rest_route=\/wp\/v2\/posts"}],"about":[{"href":"http:\/\/www.prolocodeliceto.it\/zeroweb\/index.php?rest_route=\/wp\/v2\/types\/post"}],"author":[{"embeddable":true,"href":"http:\/\/www.prolocodeliceto.it\/zeroweb\/index.php?rest_route=\/wp\/v2\/users\/29"}],"replies":[{"embeddable":true,"href":"http:\/\/www.prolocodeliceto.it\/zeroweb\/index.php?rest_route=%2Fwp%2Fv2%2Fcomments&post=1198"}],"version-history":[{"count":0,"href":"http:\/\/www.prolocodeliceto.it\/zeroweb\/index.php?rest_route=\/wp\/v2\/posts\/1198\/revisions"}],"wp:attachment":[{"href":"http:\/\/www.prolocodeliceto.it\/zeroweb\/index.php?rest_route=%2Fwp%2Fv2%2Fmedia&parent=1198"}],"wp:term":[{"taxonomy":"category","embeddable":true,"href":"http:\/\/www.prolocodeliceto.it\/zeroweb\/index.php?rest_route=%2Fwp%2Fv2%2Fcategories&post=1198"},{"taxonomy":"post_tag","embeddable":true,"href":"http:\/\/www.prolocodeliceto.it\/zeroweb\/index.php?rest_route=%2Fwp%2Fv2%2Ftags&post=1198"}],"curies":[{"name":"wp","href":"https:\/\/api.w.org\/{rel}","templated":true}]}}