{"id":1191,"date":"2010-01-17T12:08:28","date_gmt":"2010-01-17T11:08:28","guid":{"rendered":"http:\/\/www.prolocodeliceto.it\/zeroweb\/?p=1191"},"modified":"2010-01-27T18:46:39","modified_gmt":"2010-01-27T17:46:39","slug":"v-biccari-stella-azzurra-deliceto-1-1","status":"publish","type":"post","link":"http:\/\/www.prolocodeliceto.it\/zeroweb\/?p=1191","title":{"rendered":"V. BICCARI &#8211; STELLA AZZURRA DELICETO  1-1"},"content":{"rendered":"<p style=\"margin: 0cm 0cm 0pt\" class=\"MsoNormal\"><strong><span style=\"font-size: 12pt\"><\/span><\/strong><\/p>\n<p><span style=\"font-size: 12pt\"><font face=\"Times New Roman\">\u00a0<a href=\"http:\/\/www.prolocodeliceto.it\/zeroweb\/wp-content\/stella_azzurra_deliceto_2_categoria_17-01-2010_10.JPG\" title=\"stella_azzurra_deliceto_2_categoria_17-01-2010_10.JPG\"><img decoding=\"async\" loading=\"lazy\" width=\"170\" src=\"http:\/\/www.prolocodeliceto.it\/zeroweb\/wp-content\/stella_azzurra_deliceto_2_categoria_17-01-2010_10.JPG\" alt=\"stella_azzurra_deliceto_2_categoria_17-01-2010_10.JPG\" height=\"102\" style=\"width: 170px; height: 102px\" \/><\/a><\/font><\/span><span style=\"font-size: 12pt\"><span style=\"font-size: 12pt\"><\/span>\u00a0<span style=\"font-size: 12pt\"><\/span>\u00a0<strong><span style=\"font-size: 12pt\"><font face=\"Times New Roman\">Rocco Petrella<\/font><\/span><\/strong><span style=\"font-size: 12pt\"><font face=\"Times New Roman\">\u00a0<\/font><\/span><\/span><span style=\"font-size: 12pt\"><font face=\"Times New Roman\"><strong><span style=\"font-size: 12pt\">Un punto &#8230;ma che fatica! <\/span><\/strong><span style=\"font-size: 12pt\">Come all&#8217;andata, finisce in parit\u00e0 la sfida tra Deliceto e Biccari.<\/span><\/font><span style=\"font-size: 12pt\"><font face=\"Times New Roman\">La convinzione di poter agguantare un risultato pi\u00f9 importante si \u00e8 fatta strada troppo tardi, per tentare di ribaltare le sorti dell&#8217;incontro che sembrava destinato sino a pochi minuti dalla fine, alla vittoria seppure di misura.dei locali. <\/font><\/span><span style=\"font-size: 12pt\"><font face=\"Times New Roman\">Andata in vantaggio alla mezzora del primo tempo per una sfortunata deviazione di <strong>Laudisi<\/strong> che<span>\u00a0 <\/span>involontariamente innesca l&#8217;azione del gol, ma<span>\u00a0 <\/span>priva del suo cannoniere<span>\u00a0 <\/span><strong>evergreen Zottola<\/strong>, la Virtus Biccari,<span>\u00a0 <\/span>si affaccia<span>\u00a0 <\/span>rare volte<span>\u00a0 <\/span>dalle parti di <strong>Fiscarelli<\/strong><span>\u00a0 <\/span>che pu\u00f2 contare sulla prima linea difensiva composta da <strong>Falcone<\/strong>, ottimo il rientro dopo l&#8217;infortunio, in coppia con<span>\u00a0 <\/span><strong>Colicchio<\/strong> al centro, affiancati dal<span>\u00a0 <\/span>cap. <strong>Bruno D<\/strong>.<span>\u00a0 <\/span>e <strong>De Martino<\/strong>. Completano la formazione <strong>Cinque, Salvemini, Laudisi e<span>\u00a0 <\/span>Bellebuono<\/strong><span>\u00a0 <\/span>a centrocampo dietro ai due <strong>Lamatrice.<\/strong><\/font><\/span><span style=\"font-size: 12pt\"><font face=\"Times New Roman\">La giornata \u00e8 fredda<span>\u00a0 <\/span>e il campo sintetico reso scivoloso dalla<span>\u00a0 <\/span>pioggerellina che accompagna per quasi tutto il primo tempo fa schizzar via la palla con maggiore velocit\u00e0,<span>\u00a0 <\/span>richiamando tutti ad una maggiore attenzione. Molto gioco in mezzo al campo ma di occasioni vere praticamente nessuna. La Virtus, ben coperta in difesa e <span>\u00a0<\/span>con un centrocampo molto fisico tiene il pallino del gioco sfruttando anche il fattore campo. La Stella non mostra condizionamenti ma stenta nella<span>\u00a0 <\/span>fase<span>\u00a0 <\/span>finale di gioco con palle alte che allungano la squadra o passaggi imprecisi che costringono <strong>Pino Lamatrice<\/strong> ad<span>\u00a0 <\/span>un inutile dispendio di energie. <\/font><\/span><span style=\"font-size: 12pt\"><font face=\"Times New Roman\">La<span>\u00a0 <\/span>leggera supremazia del Biccari \u00e8 premiata<span>\u00a0 <\/span>nel primo tempo con il momentaneo vantaggio della rete concretizzatosi casualmente. Il secondo,<span>\u00a0 <\/span>resta sugli stessi binari per venti minuti circa sino al grave infortunio del n<span>\u00a0 <\/span>7<span>\u00a0 <\/span>gambizzato da \u201cfuoco amico\u201d<span>\u00a0 <\/span>poi la formazione azzurra grazie anche ai cambi diventa pi\u00f9 veloce ed offensiva costringendo gli avversari ad arretrare il baricentro. La prima sudata fredda per l&#8217;estremo difensore del Biccari \u00e8 opera di <strong>Lamatrice P.<\/strong> che involatisi sulla sinistra e col portiere a chiudere lo specchio batte radente a fil di palo.<\/font><\/span><span style=\"font-size: 12pt\"><font face=\"Times New Roman\">La rete del pareggio nasce da<span>\u00a0\u00a0 <\/span><strong>Cinque<\/strong> che lancia in area ancora <strong>Lamatrice P<\/strong>., sulla<span>\u00a0 <\/span>respinta di testa del difensore \u00e8 rapido<span>\u00a0 <\/span><strong>Salvemini<\/strong> a farsi trovare pronto per il <strong>tap-in<\/strong> vincente. Raggiunta<span>\u00a0 <\/span>nei minuti finali la Virtus, accusa il colpo e, in evidente difficolt\u00e0, subisce<span>\u00a0 <\/span>il<span>\u00a0 <\/span>generoso assalto della Stella Azzurra che tenta il ko conclusivo senza per\u00f2<span>\u00a0 <\/span>riuscirvi. L&#8217;ottimo punto ottenuto in trasferta premia meritatamente i ragazzi di Deliceto che ci hanno creduto<span>\u00a0 <\/span>fino in fondo,<span>\u00a0 <\/span>che smuove la classifica e<span>\u00a0 <\/span>sicuramente fa morale, in attesa del prossimo turno con la<span>\u00a0 <\/span>prima della classe.<span>\u00a0\u00a0\u00a0\u00a0 <\/span><\/font><\/span><span style=\"font-size: 12pt\"><font face=\"Times New Roman\"><span>\u00a0 <\/span><\/font><\/span><span style=\"font-size: 12pt\"><font face=\"Times New Roman\">Formazione: 1 Fiscarelli, 2 Bruno D., 3 Colicchio, 4 Laudisi, 5 Bellebuono, 6 Falcone, 7 Salvemini,<br \/>\n8 Cinque, 9 Lamatrice Pino 10 Lamatrice A., 11 Di Martino, 12 Di Bono,13 Bruno M, 14Morra ,<br \/>\n15 Bolumetto, 16 Capano<br \/>\nAll. Bonuomo<br \/>\nDir. acc. Petrella, Pinto<br \/>\nAss. arb. Laudisi <\/font><\/span><span style=\"font-size: 12pt\"><font face=\"Times New Roman\">\u00a0<\/font><\/span><span style=\"font-size: 12pt\"><span style=\"font-size: 12pt\"><span><\/span><\/span><\/span><\/p>\n<p><\/span><\/p>\n","protected":false},"excerpt":{"rendered":"<p>\u00a0\u00a0\u00a0Rocco Petrella\u00a0Un punto &#8230;ma che fatica! Come all&#8217;andata, finisce in parit\u00e0 la sfida tra Deliceto e Biccari.La convinzione di poter agguantare un risultato pi\u00f9 importante si \u00e8 fatta strada troppo tardi, per tentare di ribaltare le sorti dell&#8217;incontro che sembrava destinato sino a pochi minuti dalla fine, alla vittoria seppure di misura.dei locali. Andata in [&hellip;]<\/p>\n","protected":false},"author":29,"featured_media":0,"comment_status":"open","ping_status":"open","sticky":false,"template":"","format":"standard","meta":[],"categories":[7],"tags":[],"_links":{"self":[{"href":"http:\/\/www.prolocodeliceto.it\/zeroweb\/index.php?rest_route=\/wp\/v2\/posts\/1191"}],"collection":[{"href":"http:\/\/www.prolocodeliceto.it\/zeroweb\/index.php?rest_route=\/wp\/v2\/posts"}],"about":[{"href":"http:\/\/www.prolocodeliceto.it\/zeroweb\/index.php?rest_route=\/wp\/v2\/types\/post"}],"author":[{"embeddable":true,"href":"http:\/\/www.prolocodeliceto.it\/zeroweb\/index.php?rest_route=\/wp\/v2\/users\/29"}],"replies":[{"embeddable":true,"href":"http:\/\/www.prolocodeliceto.it\/zeroweb\/index.php?rest_route=%2Fwp%2Fv2%2Fcomments&post=1191"}],"version-history":[{"count":0,"href":"http:\/\/www.prolocodeliceto.it\/zeroweb\/index.php?rest_route=\/wp\/v2\/posts\/1191\/revisions"}],"wp:attachment":[{"href":"http:\/\/www.prolocodeliceto.it\/zeroweb\/index.php?rest_route=%2Fwp%2Fv2%2Fmedia&parent=1191"}],"wp:term":[{"taxonomy":"category","embeddable":true,"href":"http:\/\/www.prolocodeliceto.it\/zeroweb\/index.php?rest_route=%2Fwp%2Fv2%2Fcategories&post=1191"},{"taxonomy":"post_tag","embeddable":true,"href":"http:\/\/www.prolocodeliceto.it\/zeroweb\/index.php?rest_route=%2Fwp%2Fv2%2Ftags&post=1191"}],"curies":[{"name":"wp","href":"https:\/\/api.w.org\/{rel}","templated":true}]}}