{"id":1190,"date":"2010-01-18T10:53:48","date_gmt":"2010-01-18T09:53:48","guid":{"rendered":"http:\/\/www.prolocodeliceto.it\/zeroweb\/?p=1190"},"modified":"2010-01-18T20:14:48","modified_gmt":"2010-01-18T19:14:48","slug":"incontro-dei-mercoledi-con-la-storia","status":"publish","type":"post","link":"http:\/\/www.prolocodeliceto.it\/zeroweb\/?p=1190","title":{"rendered":"Incontro dei Mercoled\u00ec con la Storia"},"content":{"rendered":"<p><strong><shapetype coordsize=\"21600,21600\" o:spt=\"75\" o:preferrelative=\"t\" path=\"m@4@5l@4@11@9@11@9@5xe\" filled=\"f\" stroked=\"f\" id=\"_x0000_t75\"><stroke joinstyle=\"miter\"><\/stroke><formulas><f eqn=\"if lineDrawn pixelLineWidth 0\"><\/f><f eqn=\"sum @0 1 0\"><\/f><f eqn=\"sum 0 0 @1\"><\/f><f eqn=\"prod @2 1 2\"><\/f><f eqn=\"prod @3 21600 pixelWidth\"><\/f><f eqn=\"prod @3 21600 pixelHeight\"><\/f><f eqn=\"sum @0 0 1\"><\/f><f eqn=\"prod @6 1 2\"><\/f><f eqn=\"prod @7 21600 pixelWidth\"><\/f><f eqn=\"sum @8 21600 0\"><\/f><f eqn=\"prod @7 21600 pixelHeight\"><\/f><f eqn=\"sum @10 21600 0\"><\/f><\/formulas>\n<path o:extrusionok=\"f\" gradientshapeok=\"t\" o:connecttype=\"rect\"><\/path><lock v:ext=\"edit\" aspectratio=\"t\"><\/lock><\/shapetype><shape type=\"#_x0000_t75\" style=\"width: 33pt; height: 33pt\" id=\"_x0000_i1025\"><imagedata src=\"file:\/\/\/C:\\DOCUME~1\\User\\IMPOST~1\\Temp\\msohtml1\\01\\clip_image001.jpg\" o:title=\"Logo Centro Studi Bianco-Rosso\"><\/imagedata><\/shape><\/strong><strong><span style=\"font-size: 8pt\"><font face=\"Times New Roman\">\u00a0<\/font><\/p>\n<p><\/span><\/strong><strong><font face=\"Times New Roman\">Universit\u00e0 degli Studi di Bari \u201cAldo Moro\u201d<\/font><\/strong><em><span style=\"font-size: 10pt\"><font face=\"Times New Roman\">Ente Morale istituito su decreto del Presidente della Repubblica del 21 maggio 1963<\/font><\/span><\/em><span style=\"font-size: 10pt\"><font face=\"Times New Roman\">Palazzo Ateneo, Piazza Umberto I &#8211; 70121 Bari; tel. direzione: 080 &#8211; 571.4317; Codice Fiscale: 80018010720<\/font><\/span><span style=\"font-size: 10pt\"><font face=\"Times New Roman\">sito web: www.storiamedievale.net\/centrostudi\/index.htm &#8211; e_mail: storiamedievalebari@libero.it<\/font><\/span><\/p>\n<p style=\"border-right: medium none; padding-right: 0cm; border-top: medium none; padding-left: 0cm; padding-bottom: 1pt; border-left: medium none; padding-top: 0cm; border-bottom: black 1pt solid\"><span style=\"color: black\"><font face=\"Times New Roman\">\u00a0<\/font><\/p>\n<p><\/span><\/p>\n<p><span style=\"font-size: 11pt\"><font face=\"Times New Roman\">\u00a0<\/font><\/p>\n<p><\/span><span style=\"font-family: 'Palatino Linotype'\">Bari, 18 gennaio 2010<\/span><span style=\"font-family: 'Palatino Linotype'\">\u00a0<\/p>\n<p><\/span><span style=\"font-family: 'Palatino Linotype'\">\u00a0<\/p>\n<p><\/span><span style=\"font-family: 'Palatino Linotype'\"><shape type=\"#_x0000_t75\" style=\"width: 1in; height: 64.5pt\" id=\"_x0000_i1026\"><imagedata src=\"file:\/\/\/C:\\DOCUME~1\\User\\IMPOST~1\\Temp\\msohtml1\\01\\clip_image003.png\" o:title=\"logomercoledi\"><\/imagedata><\/shape><\/span><span style=\"font-size: 11pt; font-family: 'Palatino Linotype'\">\u00a0<\/p>\n<p><\/span><span style=\"font-size: 11pt; font-family: 'Palatino Linotype'\">\u00a0<\/p>\n<p><\/span><strong><em><span style=\"font-size: 11pt; font-family: 'Palatino Linotype'\">Comunicato stampa n. 7. <\/span><\/em><\/strong><strong><em><span style=\"font-family: 'Palatino Linotype'\">Mercoled\u00ec con la Storia: Massimo Montanari <\/span><\/em><\/strong><em><span style=\"font-family: 'Palatino Linotype'\">parla del suo libro <strong>\u201cIl riposo della polpetta e altre storie intorno al cibo\u201d (Laterza ,2009)<\/strong><\/span><\/em><strong><em><span style=\"font-family: 'Palatino Linotype'\">\u00a0<\/p>\n<p><\/span><\/em><\/strong><strong><span style=\"font-family: 'Palatino Linotype'\">Mercoled\u00ec 20 gennaio alle 18,30 presso la libreria Laterza <\/span><\/strong><span style=\"font-family: 'Palatino Linotype'\">ci sar\u00e0 il<strong> settimo incontro <\/strong>dei <strong>Mercoled\u00ec con la Storia, <\/strong>a cura del Centro Studi Normanno-Svevi dell\u2019Universit\u00e0 di Bari, diretto dal prof. Raffaele Licinio, con il prof. <strong>Massimo Montanari<\/strong>. Modera il prof. <strong>Francesco Violante<\/strong>.<strong><em><\/em><\/strong><\/span><span style=\"font-family: 'Palatino Linotype'\">Perch\u00e9 il pane \u00e8 un simbolo di civilt\u00e0? Cosa pu\u00f2 insegnarci la pasta sul rapporto tra forma e sostanza? Che cosa significa dividere le carni, e non poter dividere la minestra? Perch\u00e9 al barbecue cucinano sempre i maschi? Massimo Montanari, maestro indiscusso di storia dell\u2019alimentazione, partendo dalla presentazione del suo ultimo libro <em>Il riposo della polpetta e altre storie intorno al cibo<\/em>, analizzer\u00e0 quelle pratiche di cucina che attraverso i secoli, anche medievali, non solo hanno costituito un decisivo tassello del patrimonio culturale della nostra societ\u00e0, ma in molti casi rivelano meccanismi fondamentali del nostro agire materiale e intellettuale.<\/span><strong><em><span style=\"font-family: 'Palatino Linotype'\">Massimo Montanari<\/span><\/em><\/strong><em><span style=\"font-family: 'Palatino Linotype'\"><span>\u00a0 <\/span>(Imola, 1949) insegna storia medievale, storia economica e sociale del medioevo e storia dell&#8217;alimentazione presso la Facolt\u00e0 di Lettere e Filosofia dell&#8217;Universit\u00e0 di Bologna. Ha dedicato le proprie attenzioni di studioso soprattutto a due filoni di ricerca, tra loro strettamente integrati: la storia agraria e la storia dell&#8217;alimentazione. Tra le sue opere: L\u2019alimentazione contadina nell\u2019Alto Medioevo (Liguori 1979), Alimentazione e cultura nel Medioevo (Laterza 1988), La fame e l\u2019abbondanza. Storia dell\u2019alimentazione in Europa (Laterza 1993), Il formaggio con le pere. La storia di un proverbio (Laterza 2009).<\/span><\/em><strong><span style=\"color: black; font-family: 'Palatino Linotype'\">Ufficio Stampa<\/span><\/strong><span style=\"color: black; font-family: 'Palatino Linotype'\">Francesco Mastromatteo<\/span><span style=\"color: black; font-family: 'Palatino Linotype'\">cell.: 3391867060<\/span><span style=\"color: black; font-family: 'Palatino Linotype'\">e-mail: mercolediconlastoria@gmail.com<\/span><span style=\"font-family: 'Palatino Linotype'\">\u00a0<\/p>\n<p><\/span><\/p>\n","protected":false},"excerpt":{"rendered":"<p>\u00a0 Universit\u00e0 degli Studi di Bari \u201cAldo Moro\u201dEnte Morale istituito su decreto del Presidente della Repubblica del 21 maggio 1963Palazzo Ateneo, Piazza Umberto I &#8211; 70121 Bari; tel. direzione: 080 &#8211; 571.4317; Codice Fiscale: 80018010720sito web: www.storiamedievale.net\/centrostudi\/index.htm &#8211; e_mail: storiamedievalebari@libero.it \u00a0 \u00a0 Bari, 18 gennaio 2010\u00a0 \u00a0 \u00a0 \u00a0 Comunicato stampa n. 7. Mercoled\u00ec con [&hellip;]<\/p>\n","protected":false},"author":29,"featured_media":0,"comment_status":"open","ping_status":"open","sticky":false,"template":"","format":"standard","meta":[],"categories":[7],"tags":[],"_links":{"self":[{"href":"http:\/\/www.prolocodeliceto.it\/zeroweb\/index.php?rest_route=\/wp\/v2\/posts\/1190"}],"collection":[{"href":"http:\/\/www.prolocodeliceto.it\/zeroweb\/index.php?rest_route=\/wp\/v2\/posts"}],"about":[{"href":"http:\/\/www.prolocodeliceto.it\/zeroweb\/index.php?rest_route=\/wp\/v2\/types\/post"}],"author":[{"embeddable":true,"href":"http:\/\/www.prolocodeliceto.it\/zeroweb\/index.php?rest_route=\/wp\/v2\/users\/29"}],"replies":[{"embeddable":true,"href":"http:\/\/www.prolocodeliceto.it\/zeroweb\/index.php?rest_route=%2Fwp%2Fv2%2Fcomments&post=1190"}],"version-history":[{"count":0,"href":"http:\/\/www.prolocodeliceto.it\/zeroweb\/index.php?rest_route=\/wp\/v2\/posts\/1190\/revisions"}],"wp:attachment":[{"href":"http:\/\/www.prolocodeliceto.it\/zeroweb\/index.php?rest_route=%2Fwp%2Fv2%2Fmedia&parent=1190"}],"wp:term":[{"taxonomy":"category","embeddable":true,"href":"http:\/\/www.prolocodeliceto.it\/zeroweb\/index.php?rest_route=%2Fwp%2Fv2%2Fcategories&post=1190"},{"taxonomy":"post_tag","embeddable":true,"href":"http:\/\/www.prolocodeliceto.it\/zeroweb\/index.php?rest_route=%2Fwp%2Fv2%2Ftags&post=1190"}],"curies":[{"name":"wp","href":"https:\/\/api.w.org\/{rel}","templated":true}]}}