{"id":1074,"date":"2009-11-16T18:00:52","date_gmt":"2009-11-16T17:00:52","guid":{"rendered":"http:\/\/www.prolocodeliceto.it\/zeroweb\/?p=1074"},"modified":"2009-11-16T20:33:16","modified_gmt":"2009-11-16T19:33:16","slug":"una-testimonianza-dallaquila","status":"publish","type":"post","link":"http:\/\/www.prolocodeliceto.it\/zeroweb\/?p=1074","title":{"rendered":"Una testimonianza dall&#8217;AQUILA"},"content":{"rendered":"<p><strong><span style=\"font-family: Verdana; font-size: 9pt\"> <\/span><\/strong><strong><span style=\"font-family: Verdana; font-size: 9pt\"><span style=\"font-family: Verdana; font-size: 9pt\"> <\/span><\/span><\/strong><strong><span style=\"font-family: Verdana; font-size: 9pt\"><span style=\"font-family: Verdana; font-size: 9pt\"><a href=\"http:\/\/www.prolocodeliceto.it\/zeroweb\/wp-content\/volpe-vigile.bmp\" title=\"volpe-vigile.bmp\"><\/a>   <\/span><\/span><\/strong><\/p>\n<p><strong><span style=\"font-family: Verdana; font-size: 9pt\"><span style=\"font-family: Verdana; font-size: 9pt\">   <a href=\"http:\/\/www.prolocodeliceto.it\/zeroweb\/wp-content\/volpe-vigile.bmp\" title=\"volpe-vigile.bmp\"><img decoding=\"async\" src=\"http:\/\/www.prolocodeliceto.it\/zeroweb\/wp-content\/volpe-vigile.bmp\" alt=\"volpe-vigile.bmp\" \/><\/a><a href=\"http:\/\/www.prolocodeliceto.it\/zeroweb\/wp-content\/volpe-vigile.bmp\" title=\"volpe-vigile.bmp\"><\/a><\/span><\/span><\/strong><\/p>\n<p><strong><span style=\"font-family: Verdana; font-size: 9pt\"><span style=\"font-family: Verdana; font-size: 9pt\">Una testimonianza di giorni passati a l&#8217;Aquila-<\/span><\/span><\/strong><\/p>\n<p><strong><span style=\"font-family: Verdana; font-size: 9pt\"><span style=\"font-family: Verdana; font-size: 9pt\">a cura di Antonella Nigro<\/span><\/span><\/strong><\/p>\n<p><strong><span style=\"font-family: Verdana; font-size: 9pt\"><span style=\"font-family: Verdana; font-size: 9pt\"><\/span><span style=\"font-family: Verdana; font-size: 9pt\"><span style=\"font-family: Verdana; font-size: 9pt\">Ci arrivano dai telegiornali notizie su quanto e come a L&#8217;aquila si stia ricostruendo. Sono passati diversi mesi dal sisma e dalle immagini agghiaccianti di interi paesi distrutti. Le immagini della distruzione stanno lentamente cedendo il posto a quelle della ricostruzione, ma la situazione \u00e8 ancora lontana dalla normalit\u00e0. A testimonianza di ci\u00f2, le parole di un Vigile del Fuoco, <strong>Michele Volpe (foto )<\/strong>, originario di Monteleone di Puglia e ora residente a Vasto, che a L&#8217;Aquila ha lavorato e sta lavorando.<\/span><span style=\"font-family: Verdana; font-size: 9pt\">Michele \u00e8 arrivato nella citt\u00e0 distrutta dal terremoto qualche settimana dopo il sisma ed ha partecipato alle operazioni di sgombro, recupero, allestimento dei campi. Si \u00e8 trovato l\u00ec anche durante i giorni del G8. Lui L&#8217;Aquila la conosceva gi\u00e0, c&#8217;era stato da turista qualche anno prima e racconta di come sia stato scioccante rivedere una citt\u00e0 cos\u00ec bella in macerie. Michele \u00e8 giovane, sposato da pochi anni e la prima storia che mi racconta \u00e8 proprio quella di due ragazzi appena sposati. I due avevano ristrutturato la casa nella quale avrebbero vissuto sistemando tutto al meglio e spendendo tutti i risparmi perch\u00e8 la casa era un dono di nozze dei genitori. Ora si ritrovano in una tenda. Disperati si sono rivolti ai Vigili del Fuoco per recuperare qualcosa, qualche effetto personale. \u201cUna casa bellissima\u201d, mi dice Michele ed aggiunge anche che alla fine la commozione ha avuto la meglio e da pochi oggetti si \u00e8 recuperato quasi tutto quello che c&#8217;era in casa, compresi i mobili.<\/span><span style=\"font-family: Verdana; font-size: 9pt\">Mi racconta anche quello che le fotografie e la televisione non riescono a mostrare, l\u2019odore, l\u2019odore forte e acre del cibo andato a male nei frigoriferi e nei congelatori, la sensazione tangibile e tremenda del vedere la citt\u00e0 deserta, ferma come, appunto, in un fotogramma, silenziosa, troppo silenziosa, l&#8217;espressione di disperazione non solo negli occhi degli uomini ma anche in quelli dei cani e dei gatti che sperduti si aggirano fra le macerie.<\/span><span style=\"font-family: Verdana; font-size: 9pt\">Mi racconta poi di una giovane studentessa che voleva recuperare i libri per poter riprendere a studiare, ma alla quale la squadra di Vigili del Fuoco ha recuperato anche la chitarra, le fotografie e i cd musicali. \u201cQuando ha visto la chitarra ha cominciato a piangere e ci ha ringraziato mille volte\u201d, mi dice ed aggiunge: \u201cHanno perso tutto sotto le macerie e recuperare anche un piccolo oggetto per loro significa tanto\u201d. Mi dice poi di un padre che, mostrandogli la casa completamente distrutta, racconta fra le lacrime di come la figlia di pochi anni si sia salvata grazie ad un pupazzo, un peluche, che lei per capriccio aveva voluto e che lui non le voleva neanche comprare ma che ha fatto da scudo fra le macerie e il corpicino.<\/span><span style=\"font-family: Verdana; font-size: 9pt\">Immagini, voci, racconti, testimonianze di quanto sia difficile ricominciare, di come ancora ci sia tanto da fare.<\/span><\/span><\/span><\/strong><\/p>\n","protected":false},"excerpt":{"rendered":"<p>Una testimonianza di giorni passati a l&#8217;Aquila- a cura di Antonella Nigro Ci arrivano dai telegiornali notizie su quanto e come a L&#8217;aquila si stia ricostruendo. Sono passati diversi mesi dal sisma e dalle immagini agghiaccianti di interi paesi distrutti. Le immagini della distruzione stanno lentamente cedendo il posto a quelle della ricostruzione, ma la [&hellip;]<\/p>\n","protected":false},"author":29,"featured_media":0,"comment_status":"open","ping_status":"open","sticky":false,"template":"","format":"standard","meta":[],"categories":[7],"tags":[],"_links":{"self":[{"href":"http:\/\/www.prolocodeliceto.it\/zeroweb\/index.php?rest_route=\/wp\/v2\/posts\/1074"}],"collection":[{"href":"http:\/\/www.prolocodeliceto.it\/zeroweb\/index.php?rest_route=\/wp\/v2\/posts"}],"about":[{"href":"http:\/\/www.prolocodeliceto.it\/zeroweb\/index.php?rest_route=\/wp\/v2\/types\/post"}],"author":[{"embeddable":true,"href":"http:\/\/www.prolocodeliceto.it\/zeroweb\/index.php?rest_route=\/wp\/v2\/users\/29"}],"replies":[{"embeddable":true,"href":"http:\/\/www.prolocodeliceto.it\/zeroweb\/index.php?rest_route=%2Fwp%2Fv2%2Fcomments&post=1074"}],"version-history":[{"count":0,"href":"http:\/\/www.prolocodeliceto.it\/zeroweb\/index.php?rest_route=\/wp\/v2\/posts\/1074\/revisions"}],"wp:attachment":[{"href":"http:\/\/www.prolocodeliceto.it\/zeroweb\/index.php?rest_route=%2Fwp%2Fv2%2Fmedia&parent=1074"}],"wp:term":[{"taxonomy":"category","embeddable":true,"href":"http:\/\/www.prolocodeliceto.it\/zeroweb\/index.php?rest_route=%2Fwp%2Fv2%2Fcategories&post=1074"},{"taxonomy":"post_tag","embeddable":true,"href":"http:\/\/www.prolocodeliceto.it\/zeroweb\/index.php?rest_route=%2Fwp%2Fv2%2Ftags&post=1074"}],"curies":[{"name":"wp","href":"https:\/\/api.w.org\/{rel}","templated":true}]}}