{"id":1062,"date":"2009-11-09T18:22:51","date_gmt":"2009-11-09T17:22:51","guid":{"rendered":"http:\/\/www.prolocodeliceto.it\/zeroweb\/?p=1062"},"modified":"2009-11-10T12:47:15","modified_gmt":"2009-11-10T11:47:15","slug":"comunicato-stampa-6","status":"publish","type":"post","link":"http:\/\/www.prolocodeliceto.it\/zeroweb\/?p=1062","title":{"rendered":"COMUNICATO STAMPA"},"content":{"rendered":"<p align=\"center\" style=\"line-height: 150%; text-align: center\" class=\"MsoNormal\"><u><font size=\"3\" face=\"Garamond\"><span style=\"font-size: 12pt; line-height: 150%; font-family: Garamond\"><\/span><\/font><\/u><\/p>\n<p align=\"center\" style=\"line-height: 150%; text-align: center\" class=\"MsoNormal\"><strong><font size=\"3\" face=\"Garamond\"><span style=\"font-weight: bold; font-size: 12pt; line-height: 150%; font-family: Garamond\">Dopo Candela e Deliceto, al Comune di Troia si parla di Incubatore d\u2019Impresa<\/span><\/font><\/strong><\/p>\n<p style=\"line-height: 150%; text-align: justify\" class=\"MsoNormal\"><font size=\"3\" face=\"Garamond\"><span style=\"font-size: 12pt; line-height: 150%; font-family: Garamond\">Alla luce della pubblicazione del bando rivolto alle imprese, il Gal Meridaunia, con la collaborazione di alcune amministrazioni comunali, sta realizzando una serie di incontri sul territorio per dare informazioni sulle opportunit\u00e0 e agevolazioni previste dal progetto denominato \u201cIncubatore d\u2019impresa di Candela\u201d. \u00c8 questo un programma di sostegno allo start di nuove imprese che intendono avviare attivit\u00e0 innovative nella produzione di beni e\/o servizi all\u2019interno della struttura dell\u2019incubatore sita nell\u2019area industriale del Comune di Candela, ente che ha realizzato i lavori strutturali e che ne detiene la propriet\u00e0.<\/span><\/font><\/p>\n<p style=\"line-height: 150%; text-align: justify\" class=\"MsoNormal\"><font size=\"3\" face=\"Garamond\"><span style=\"font-size: 12pt; line-height: 150%; font-family: Garamond\">Dopo gli incontri di Candela e di Deliceto, <strong><span style=\"font-weight: bold\">mercoled\u00ec 11 novembre alle ore 18 si terr\u00e0 un incontro presso\n<personname w:st=\"on\" ProductID=\"la Sala Consiliare\"><\/personname>la Sala Consiliare del Comune di Troia<\/span><\/strong>, al quale sono stati invitati i giovani, le donne, i soggetti potenziali beneficiari del bando, ma anche tecnici e professionisti operanti nel territorio troiano.<\/span><\/font><\/p>\n<p><strong><font size=\"2\" face=\"Arial\"><span style=\"font-weight: bold; font-size: 10pt; line-height: 150%; font-family: Arial\"><\/span><\/font><\/strong><\/p>\n<p style=\"line-height: 150%; text-align: justify\" class=\"MsoNormal\"><font size=\"3\" face=\"Garamond\"><span style=\"font-size: 12pt; line-height: 150%; font-family: Garamond\">Questi momenti di approfondimento serviranno a fornire un quadro chiaro ed esaustivo delle procedure e delle modalit\u00e0 di accesso a questo importante finanziamento erogato dal Ministero del Lavoro e della Previdenza Sociale e gestito dal Gal Meridaunia.<\/span><\/font><\/p>\n<p style=\"line-height: 150%; text-align: justify\" class=\"MsoNormal\"><font size=\"3\" face=\"Garamond\"><span style=\"font-size: 12pt; line-height: 150%; font-family: Garamond\">Agli incontri parteciper\u00e0 il vice sindaco, nonch\u00e9 assessore alle Attivit\u00e0 Produttive del Comune di Troia, Matteo Cuttano, l\u2019assessore all\u2019Agricoltura della Provincia di Foggia, nonch\u00e9 sindaco di Candela, Savino Santarella, il presidente del Gal Meridaunia, Alberto Casoria e i tecnici del Gal che illustreranno procedure e modalit\u00e0 per accedere ai finanziamenti.<\/span><\/font><\/p>\n<p><font size=\"3\" face=\"Times New Roman\"><span style=\"font-size: 12pt\"><\/span><\/font><font size=\"3\" face=\"Times New Roman\"><span style=\"font-size: 12pt\"><font size=\"3\" face=\"Garamond\"><span style=\"font-size: 12pt; font-family: Garamond\"><\/span><\/font><\/p>\n<p><\/span><\/font><\/p>\n<p align=\"right\" style=\"text-align: right\" class=\"MsoNormal\"><font size=\"3\" face=\"Garamond\"><span style=\"font-size: 12pt; font-family: Garamond\">Antonella Caggese<\/span><\/font><\/p>\n<p align=\"right\" style=\"text-align: right\" class=\"MsoNormal\"><font size=\"3\" face=\"Garamond\"><span style=\"font-size: 12pt; font-family: Garamond\">Ufficio Comunicazione Gal Meridaunia<\/span><\/font><\/p>\n<p align=\"right\" style=\"text-align: right\" class=\"MsoNormal\"><font size=\"3\" face=\"Garamond\"><span style=\"font-size: 12pt; font-family: Garamond\">Loc. Tiro a Segno<\/span><\/font><\/p>\n<p align=\"right\" style=\"text-align: right\" class=\"MsoNormal\"><font size=\"3\" face=\"Garamond\"><span style=\"font-size: 12pt; font-family: Garamond\" lang=\"EN-GB\">71023 Bovino (FG)<\/span><\/font><\/p>\n<p align=\"right\" style=\"text-align: right\" class=\"MsoNormal\"><font size=\"3\" face=\"Garamond\"><span style=\"font-size: 12pt; font-family: Garamond\" lang=\"EN-GB\">Tel. 0881.966557 &#8211; 0881.912007<\/span><\/font><\/p>\n<p align=\"right\" style=\"text-align: right\" class=\"MsoNormal\"><font size=\"3\" face=\"Garamond\"><span style=\"font-size: 12pt; font-family: Garamond\" lang=\"EN-GB\">Fax. 0881.912921<\/span><\/font><\/p>\n<p align=\"right\" style=\"text-align: right\" class=\"MsoNormal\"><font size=\"3\" face=\"Garamond\"><span style=\"font-size: 12pt; font-family: Garamond\" lang=\"EN-GB\">web: <a target=\"_BLANK\" href=\"http:\/\/www.meridaunia.it\/\">www.meridaunia.it<\/a><\/span><\/font><\/p>\n<p align=\"right\" style=\"text-align: right\" class=\"MsoNormal\"><font size=\"3\" face=\"Garamond\"><span style=\"font-size: 12pt; font-family: Garamond\">mail: a.caggese@meridaunia.it<\/span><\/font><\/p>\n<p><font size=\"3\" face=\"Times New Roman\"><span style=\"font-size: 12pt\"><\/span><\/font><font size=\"3\" face=\"Times New Roman\"><span style=\"font-size: 12pt\"><script>    hackFixResize()<\/script><\/p>\n<p><\/span><\/font><\/p>\n","protected":false},"excerpt":{"rendered":"<p>Dopo Candela e Deliceto, al Comune di Troia si parla di Incubatore d\u2019Impresa Alla luce della pubblicazione del bando rivolto alle imprese, il Gal Meridaunia, con la collaborazione di alcune amministrazioni comunali, sta realizzando una serie di incontri sul territorio per dare informazioni sulle opportunit\u00e0 e agevolazioni previste dal progetto denominato \u201cIncubatore d\u2019impresa di Candela\u201d. [&hellip;]<\/p>\n","protected":false},"author":29,"featured_media":0,"comment_status":"open","ping_status":"open","sticky":false,"template":"","format":"standard","meta":[],"categories":[7],"tags":[],"_links":{"self":[{"href":"http:\/\/www.prolocodeliceto.it\/zeroweb\/index.php?rest_route=\/wp\/v2\/posts\/1062"}],"collection":[{"href":"http:\/\/www.prolocodeliceto.it\/zeroweb\/index.php?rest_route=\/wp\/v2\/posts"}],"about":[{"href":"http:\/\/www.prolocodeliceto.it\/zeroweb\/index.php?rest_route=\/wp\/v2\/types\/post"}],"author":[{"embeddable":true,"href":"http:\/\/www.prolocodeliceto.it\/zeroweb\/index.php?rest_route=\/wp\/v2\/users\/29"}],"replies":[{"embeddable":true,"href":"http:\/\/www.prolocodeliceto.it\/zeroweb\/index.php?rest_route=%2Fwp%2Fv2%2Fcomments&post=1062"}],"version-history":[{"count":0,"href":"http:\/\/www.prolocodeliceto.it\/zeroweb\/index.php?rest_route=\/wp\/v2\/posts\/1062\/revisions"}],"wp:attachment":[{"href":"http:\/\/www.prolocodeliceto.it\/zeroweb\/index.php?rest_route=%2Fwp%2Fv2%2Fmedia&parent=1062"}],"wp:term":[{"taxonomy":"category","embeddable":true,"href":"http:\/\/www.prolocodeliceto.it\/zeroweb\/index.php?rest_route=%2Fwp%2Fv2%2Fcategories&post=1062"},{"taxonomy":"post_tag","embeddable":true,"href":"http:\/\/www.prolocodeliceto.it\/zeroweb\/index.php?rest_route=%2Fwp%2Fv2%2Ftags&post=1062"}],"curies":[{"name":"wp","href":"https:\/\/api.w.org\/{rel}","templated":true}]}}