{"id":1049,"date":"2009-11-02T12:31:53","date_gmt":"2009-11-02T11:31:53","guid":{"rendered":"http:\/\/www.prolocodeliceto.it\/zeroweb\/?p=1049"},"modified":"2009-11-03T12:45:31","modified_gmt":"2009-11-03T11:45:31","slug":"us-elce-deliceto-s-agata-1-2","status":"publish","type":"post","link":"http:\/\/www.prolocodeliceto.it\/zeroweb\/?p=1049","title":{"rendered":"U.S. ELCE DELICETO S. AGATA: 1-2"},"content":{"rendered":"<p><strong><font size=\"2\"><font face=\"Verdana\">Campionato di Terza Categoria \u2013 Girone B- <\/font><\/font><\/strong><strong><span style=\"font-size: 12pt\"><font face=\"Verdana\">Nonostante il risultato, buona la prima-<\/font><\/span><\/strong><strong><font size=\"2\"><font face=\"Verdana\">1 Gara di andata<\/font><\/font><\/strong><strong><font size=\"2\"><font face=\"Verdana\">U.S. Elce Deliceto \u2013 S. Agata di Puglia: 1-2-<\/font><\/font><\/strong><strong><font size=\"2\"><font face=\"Verdana\">Di Paco Capano<\/font><\/font><\/strong><strong><font size=\"2\" face=\"Verdana\"> <\/font><\/strong><\/p>\n<p><strong><a href=\"http:\/\/www.prolocodeliceto.it\/zeroweb\/wp-content\/demilio-michele.jpg\" title=\"demilio-michele.jpg\"><img decoding=\"async\" src=\"http:\/\/www.prolocodeliceto.it\/zeroweb\/wp-content\/demilio-michele.thumbnail.jpg\" alt=\"demilio-michele.jpg\" \/><\/a><\/strong><\/p>\n<p style=\"text-align: justify; margin: 0cm 0cm 0pt\" class=\"MsoNormal\"><font size=\"2\" face=\"Verdana\">Comincia il campionato di Terza Categoria e l\u2019Elce riparte sicura delle proprie capacit\u00e0, riparte basandosi sulla forza del suo gruppo e sull\u2019entusiasmo trasmesso dal nuovo mister Baldassarro. L\u2019Elce affronta questa prima gara con l\u2019assenza di alcune pedine importanti a centrocampo: Del Tito Antonio (infortunato) e Di Francesco Luigi e quindi il mister \u00e8 costretto a rivoluzionare la formazione. Ma passiamo alla gara.<\/font><\/p>\n<p style=\"text-align: justify; margin: 0cm 0cm 0pt\" class=\"MsoNormal\"><font size=\"2\"><font face=\"Verdana\">L\u2019Elce prova ad impostare il proprio gioco ed attuare i vari schemi provati e riprovati in allenamento mettendo costantemente in difficolt\u00e0 la squadra ospite che invece punta sul lancio lungo verso gli attaccanti senza per\u00f2 riuscire ad impensierire il portiere locale.<span>   <\/span><span>    <\/span><span>   <\/span><\/font><\/font><\/p>\n<p style=\"text-align: justify; margin: 0cm 0cm 0pt\" class=\"MsoNormal\"><font size=\"2\" face=\"Verdana\">E\u2019 l\u2019Elce a fare la gara ma i ragazzi, producono molto e concretizzano poco, infatti le diverse azioni (anche di pregevole fattura) non vengono poi finalizzate come dovrebbero e il risultato rimane sullo 0-0.<\/font><\/p>\n<p style=\"text-align: justify; margin: 0cm 0cm 0pt\" class=\"MsoNormal\"><font size=\"2\" face=\"Verdana\">Come purtroppo capita nel calcio, quando si produce ma non si riesce a concretizzare arriva la beffa dell\u2019avversario infatti, su uno dei tanti lanci lunghi Capano sbaglia il disimpegno di testa favorendo il laterale che calcia dalla tre quarti debolmente in porta, sul tiro per\u00f2 vi \u00e8 la deviazione del capitano Doto che spedisce la palla nel sette spiazzando l\u2019incolpevole Troccola.<\/font><\/p>\n<p style=\"text-align: justify; margin: 0cm 0cm 0pt\" class=\"MsoNormal\"><font size=\"2\" face=\"Verdana\">Colpiti ma non demoralizzati i ragazzi provano a reagire ma a questo punto sale in cattedra l\u2019arbitro che, prima regala un rigore per atterramento in area da parte del capitano Doto (lo stesso attaccante confessa che non vi \u00e8 stato il contatto), che l\u2019attaccante stesso poi sigla; poi espelle incredibilmente Lamatrice Antonio per presunto calcio da tergo ai danni di un avversario. Tra lo stupore generale i ragazzi arancioni si trovano alla fine del primo tempo sotto di 2 goal e in 10 uomini.<\/font><\/p>\n<p style=\"text-align: justify; margin: 0cm 0cm 0pt\" class=\"MsoNormal\"><font size=\"2\" face=\"Verdana\">Qualsiasi squadra si abbatterebbe ma non l\u2019Elce, dopo una risistemazione di moduli e giocatori da parte del mister, i ragazzi scendono in campo pi\u00f9 agguerriti di prima e anche in dieci uomini rinchiudono gli avversari nella propria met\u00e0 campo da dove non riusciranno pi\u00f9 ad uscire se non con qualche timido accenno. L\u2019Elce, anche in maniera confusionaria, spinta da un numeroso e caloroso pubblico , si porta all\u2019attacco e organizza una buona serie di azioni senza per\u00f2 finalizzarle bene. Al 30\u00b0 arriva per\u00f2 il meritato goal, su un lancio l\u2019uscita del portiere ospite non \u00e8 impeccabile e ne approfitta subito D\u2019Emilio Michele che dimezza lo svantaggio. I ragazzi arancioni provano fino alla fine a trovare il pareggio ma purtroppo non vi riescono sia per la buona prestazione della difesa avversaria sia perch\u00e9 non vi \u00e8 quella giusta determinazione in avanti per sfruttare anche il minimo vantaggio.<\/font><\/p>\n<p style=\"text-align: justify; margin: 0cm 0cm 0pt\" class=\"MsoNormal\"><font size=\"2\" face=\"Verdana\">Finisce cos\u00ec la gara, tra qualche protesta locale e qualche discussione tra i giocatori che viene per\u00f2 prontamente risolta ma con il S. Agata che riesce a portare a casa i 3 punti senza aver fatto un tiro in porta.<\/font><\/p>\n<p style=\"text-align: justify; margin: 0cm 0cm 0pt\" class=\"MsoNormal\"><font size=\"2\" face=\"Verdana\">L\u2019Elce domenica prossima \u00e8 di scena a Rocchetta e dovr\u00e0 fare a meno anche dello squalificato Lamatrice, ma se affronter\u00e0 le gare con la stessa determinazione di quest\u2019ultima riuscir\u00e0 ad ottenere buoni risultati anche quando, come questa domenica, le decisioni arbitrali sia nettamente sfavorevoli.<\/font><\/p>\n<p style=\"margin: 0cm 0cm 0pt; tab-stops: 303.6pt\" class=\"MsoNormal\"><font size=\"2\"><font face=\"Verdana\"><span> <\/span><span>                                                                                <\/span><\/font><\/font><\/p>\n<p style=\"margin: 0cm 0cm 0pt; tab-stops: 299.3pt\" class=\"MsoNormal\"><font size=\"2\"><font face=\"Verdana\">L\u2019U.S. Elce Deliceto<span>                                                      <\/span><\/font><\/font><\/p>\n<ol style=\"margin-top: 0cm\" type=\"1\">\n<li style=\"margin: 0cm 0cm 0pt; tab-stops: list 36.0pt\" class=\"MsoNormal\"><font size=\"2\" face=\"Verdana\">Troccola Antonio<\/font><\/li>\n<li style=\"margin: 0cm 0cm 0pt; tab-stops: list 36.0pt\" class=\"MsoNormal\"><font size=\"2\" face=\"Verdana\">Petrella Ciro<\/font><\/li>\n<li style=\"margin: 0cm 0cm 0pt; tab-stops: list 36.0pt\" class=\"MsoNormal\"><font size=\"2\" face=\"Verdana\">Lombardi Rocco<\/font><\/li>\n<li style=\"margin: 0cm 0cm 0pt; tab-stops: list 36.0pt\" class=\"MsoNormal\"><font size=\"2\" face=\"Verdana\">Doto Mariano<\/font><\/li>\n<li style=\"margin: 0cm 0cm 0pt; tab-stops: list 36.0pt\" class=\"MsoNormal\"><font size=\"2\" face=\"Verdana\">Capano Pasquale<\/font><\/li>\n<li style=\"margin: 0cm 0cm 0pt; tab-stops: list 36.0pt\" class=\"MsoNormal\"><font size=\"2\" face=\"Verdana\">Frascella Pierluigi<\/font><\/li>\n<li style=\"margin: 0cm 0cm 0pt; tab-stops: list 36.0pt\" class=\"MsoNormal\"><font size=\"2\" face=\"Verdana\">Miroballo Nicola<\/font><\/li>\n<li style=\"margin: 0cm 0cm 0pt; tab-stops: list 36.0pt\" class=\"MsoNormal\"><font size=\"2\" face=\"Verdana\">Cappiello Giuseppe<\/font><\/li>\n<li style=\"margin: 0cm 0cm 0pt; tab-stops: list 36.0pt\" class=\"MsoNormal\"><font size=\"2\" face=\"Verdana\">D\u2019Emilio Michele<\/font><\/li>\n<li style=\"margin: 0cm 0cm 0pt; tab-stops: list 36.0pt\" class=\"MsoNormal\"><font size=\"2\" face=\"Verdana\">Baldassarro Francesco<\/font><\/li>\n<li style=\"margin: 0cm 0cm 0pt; tab-stops: list 36.0pt\" class=\"MsoNormal\"><font size=\"2\" face=\"Verdana\">Lamatrice Antonio<\/font><\/li>\n<\/ol>\n<ol start=\"12\" style=\"margin-top: 0cm\" type=\"1\">\n<li style=\"margin: 0cm 0cm 0pt; tab-stops: list 36.0pt\" class=\"MsoNormal\"><font size=\"2\" face=\"Verdana\">Palermo Michele<\/font><\/li>\n<li style=\"margin: 0cm 0cm 0pt; tab-stops: list 36.0pt\" class=\"MsoNormal\"><font size=\"2\" face=\"Verdana\">Lombardi Michele<\/font><\/li>\n<li style=\"margin: 0cm 0cm 0pt; tab-stops: list 36.0pt\" class=\"MsoNormal\"><font size=\"2\" face=\"Verdana\">Grasso Giuseppe<\/font><\/li>\n<li style=\"margin: 0cm 0cm 0pt; tab-stops: list 36.0pt\" class=\"MsoNormal\"><font size=\"2\" face=\"Verdana\">Suriano Davide<\/font><\/li>\n<li style=\"margin: 0cm 0cm 0pt; tab-stops: list 36.0pt\" class=\"MsoNormal\"><font size=\"2\" face=\"Verdana\">Minichella Giuseppe<\/font><\/li>\n<li style=\"margin: 0cm 0cm 0pt; tab-stops: list 36.0pt\" class=\"MsoNormal\"><font size=\"2\" face=\"Verdana\">Coppola Marco<\/font><\/li>\n<li style=\"margin: 0cm 0cm 0pt; tab-stops: list 36.0pt\" class=\"MsoNormal\"><font size=\"2\" face=\"Verdana\">Mascia Silvio<\/font><\/li>\n<\/ol>\n<p style=\"margin: 0cm 0cm 0pt\" class=\"MsoNormal\"><font size=\"2\" face=\"Verdana\">Assistente tecnico: Biadi Raimondo <\/font><\/p>\n<p style=\"margin: 0cm 0cm 0pt\" class=\"MsoNormal\"><font size=\"2\" face=\"Verdana\">Staff tecnico: Lamatrice Alfonso, Mascia Ambrogio<\/font><\/p>\n<p style=\"margin: 0cm 0cm 0pt\" class=\"MsoNormal\"><font size=\"2\" face=\"Verdana\">Mister: Baldassarro Michele<\/font><\/p>\n<p style=\"text-align: justify; margin: 0cm 0cm 0pt\" class=\"MsoNormal\"><font size=\"2\" face=\"Verdana\">(Non si \u00e8 volutamente detto nulla sulla direzione di gara perch\u00e9 trattasi di un ragazzo anche molto giovane che va aiutato a crescere nel suo ruolo, ma sicuramente alcune decisioni hanno condizionato pesantemente la gara spostando, anche non volendo, l\u2019ago della bilancia a favore degli ospiti)<\/font><\/p>\n","protected":false},"excerpt":{"rendered":"<p>Campionato di Terza Categoria \u2013 Girone B- Nonostante il risultato, buona la prima-1 Gara di andataU.S. Elce Deliceto \u2013 S. Agata di Puglia: 1-2-Di Paco Capano Comincia il campionato di Terza Categoria e l\u2019Elce riparte sicura delle proprie capacit\u00e0, riparte basandosi sulla forza del suo gruppo e sull\u2019entusiasmo trasmesso dal nuovo mister Baldassarro. L\u2019Elce affronta [&hellip;]<\/p>\n","protected":false},"author":29,"featured_media":0,"comment_status":"open","ping_status":"open","sticky":false,"template":"","format":"standard","meta":[],"categories":[7],"tags":[],"_links":{"self":[{"href":"http:\/\/www.prolocodeliceto.it\/zeroweb\/index.php?rest_route=\/wp\/v2\/posts\/1049"}],"collection":[{"href":"http:\/\/www.prolocodeliceto.it\/zeroweb\/index.php?rest_route=\/wp\/v2\/posts"}],"about":[{"href":"http:\/\/www.prolocodeliceto.it\/zeroweb\/index.php?rest_route=\/wp\/v2\/types\/post"}],"author":[{"embeddable":true,"href":"http:\/\/www.prolocodeliceto.it\/zeroweb\/index.php?rest_route=\/wp\/v2\/users\/29"}],"replies":[{"embeddable":true,"href":"http:\/\/www.prolocodeliceto.it\/zeroweb\/index.php?rest_route=%2Fwp%2Fv2%2Fcomments&post=1049"}],"version-history":[{"count":0,"href":"http:\/\/www.prolocodeliceto.it\/zeroweb\/index.php?rest_route=\/wp\/v2\/posts\/1049\/revisions"}],"wp:attachment":[{"href":"http:\/\/www.prolocodeliceto.it\/zeroweb\/index.php?rest_route=%2Fwp%2Fv2%2Fmedia&parent=1049"}],"wp:term":[{"taxonomy":"category","embeddable":true,"href":"http:\/\/www.prolocodeliceto.it\/zeroweb\/index.php?rest_route=%2Fwp%2Fv2%2Fcategories&post=1049"},{"taxonomy":"post_tag","embeddable":true,"href":"http:\/\/www.prolocodeliceto.it\/zeroweb\/index.php?rest_route=%2Fwp%2Fv2%2Ftags&post=1049"}],"curies":[{"name":"wp","href":"https:\/\/api.w.org\/{rel}","templated":true}]}}