{"id":1044,"date":"2009-10-30T19:00:28","date_gmt":"2009-10-30T18:00:28","guid":{"rendered":"http:\/\/www.prolocodeliceto.it\/zeroweb\/?p=1044"},"modified":"2009-10-30T20:02:31","modified_gmt":"2009-10-30T19:02:31","slug":"comincia-la-nuova-stagione-dellelce-deliceto","status":"publish","type":"post","link":"http:\/\/www.prolocodeliceto.it\/zeroweb\/?p=1044","title":{"rendered":"Comincia la nuova stagione dell&#8217;Elce Deliceto"},"content":{"rendered":"<p><strong><span style=\"font-size: 11pt\"><font face=\"Verdana\">Comincia la nuova stagione dell\u2019U.S. Elce Deliceto<\/font><\/span><\/strong><strong><span style=\"font-size: 11pt\"><font face=\"Verdana\"> <\/font><\/span><\/strong><strong><span style=\"font-size: 11pt\"><strong><font size=\"2\"><font face=\"Verdana\">La squadra di Terza Categoria riparte dal nuovo mister<\/font><\/font><\/strong><font size=\"2\" face=\"Verdana\"> <\/font><\/p>\n<p><\/span><\/strong><a href=\"http:\/\/www.prolocodeliceto.it\/zeroweb\/wp-content\/mister-baldassarro.jpg\" title=\"mister-baldassarro.jpg\"><\/a><\/p>\n<p style=\"margin: 0cm 0cm 0pt\" class=\"MsoNormal\"><span><\/span><\/p>\n<p style=\"margin: 0cm 0cm 0pt\" class=\"MsoNormal\"><font size=\"2\" face=\"Verdana\">Riparte do<a href=\"http:\/\/www.prolocodeliceto.it\/zeroweb\/wp-content\/mister-baldassarro.jpg\" title=\"mister-baldassarro.jpg\"><img decoding=\"async\" loading=\"lazy\" src=\"http:\/\/www.prolocodeliceto.it\/zeroweb\/wp-content\/mister-baldassarro.jpg\" alt=\"mister-baldassarro.jpg\" style=\"width: 115px; height: 105px\" height=\"55\" width=\"136\" \/><\/a>menica prossima con la prima giornata il torneo provinciale di Terza Categoria che vede ai nastri di partenza ventisette squadre della Capitanata. <\/font><\/p>\n<p style=\"margin: 0cm 0cm 0pt\" class=\"MsoNormal\"><font size=\"2\" face=\"Verdana\">Due i raggruppamenti: girone A con dodici squadre; girone B con quindici squadre, in quest\u2019ultimo \u00e8 inserito l\u2019U.S. Elce Deliceto.<\/font><\/p>\n<p style=\"margin: 0cm 0cm 0pt\" class=\"MsoNormal\"><font size=\"2\" face=\"Verdana\">Dopo la retrocessione dalla Seconda Categoria, la compagine arancione ha riorganizzato le forze e sotto la guida del nuovo mister Michele Baldassarro, i ragazzi delicetani sono pronti a ben figurare in questo campionato.<\/font><\/p>\n<p style=\"margin: 0cm 0cm 0pt\" class=\"MsoNormal\"><font size=\"2\" face=\"Verdana\">La rosa si presenta molto giovane, con nuovi innesti di 16 e 18 anni che rappresentano il futuro del calcio locale e, grazie agli intensi allenamenti svolti fin\u2019ora (la preparazione ha avuto inizio a fine settembre), la squadra \u00e8 pronta a dar battaglia e a confrontarsi in maniera competitiva con tutti gli avversari nel prossimo campionato, con un gruppo di circa 20 atleti, unito e compatto.<\/font><\/p>\n<p style=\"margin: 0cm 0cm 0pt\" class=\"MsoNormal\"><font size=\"2\" face=\"Verdana\">Ma la squadra di Terza Categoria non \u00e8 l\u2019unica attivit\u00e0 della societ\u00e0 sportiva Elce in questa stagione la societ\u00e0 realizzer\u00e0 ben 6 campionati: 4 nel settore calcio (III Categoria; Allievi; Pulcini; Piccoli Amici) e 2 nel settore pallavolo (Prima Divisione Femminile; Campionati di Mini Volley); nonch\u00e9 2 scuole sportive: la prima, quella gi\u00e0 consolidata della Scuola Calcio (i corsi sono cominciati gioved\u00ec 23 settembre) per i ragazzi dal 1993 al 2004, con i giovani allenatori Petrella Ciro e Doto Mariano; la Scuola di Mini Volley (i corsi sono partiti il 14 ottobre) per i ragazzi da6 1996 al 2003, con la giovane tecnica Tina Capano.<\/font><\/p>\n<p style=\"margin: 0cm 0cm 0pt\" class=\"MsoNormal\"><font size=\"2\" face=\"Verdana\">Sia gli atleti che gli allenatori che parteciperanno a queste iniziative saranno delicetani, perch\u00e9, passano gli anni, passano i campionati ma la base su cui si fonda ogni iniziativa societarie \u00e8 \u201cfare unione e aggregazione sociale tra i ragazzi del nostro paese prima di qualsiasi risultato sportivo\u201d.<\/font><\/p>\n<p style=\"margin: 0cm 0cm 0pt\" class=\"MsoNormal\"><font size=\"2\" face=\"Verdana\">\u00abSono contento di quanto fatto fin\u2019ora dalla societ\u00e0 \u2013 afferma il Presidente Doto Alfonso \u2013 e mi auguro che i ragazzi ripaghino gli sforzi fatti dai dirigenti per dar loro la possibilit\u00e0 di crescere, di fare sport e di fare gruppo. Sono sicuro che otterremo buoni risultati in tutti i campionati che disputeremo. Agli atleti tutti chiedo: impegno, sacrificio, dedizione e attaccamento ai colori sociali e soprattutto correttezza nei confronti dei direttori di gara e degli avversari, senza mai dimenticare, anche nelle difficolt\u00e0, che il gioco del calcio \u00e8\u2026 un gioco.<\/font><\/p>\n<p style=\"margin: 0cm 0cm 0pt\" class=\"MsoNormal\"><font size=\"2\" face=\"Verdana\">Infine auguro a tutti: dirigenti, soci, sostenitori, tifose e tifosi una buona stagione sportiva ed un grande in bocca al lupo. Al nuovo mister un sentito ringraziamento ed un augurio di buon lavoro\u00bb.<\/font><\/p>\n<p style=\"margin: 0cm 0cm 0pt\" class=\"MsoNormal\"><font size=\"2\" face=\"Verdana\">SEMPRE FORZA ELCE<\/font><\/p>\n<p style=\"margin: 0cm 0cm 0pt\" class=\"MsoNormal\"><font size=\"2\"><font face=\"Verdana\"><span> <\/span><span> <\/span><span>  <\/span><\/font><\/font><\/p>\n","protected":false},"excerpt":{"rendered":"<p>Comincia la nuova stagione dell\u2019U.S. Elce Deliceto La squadra di Terza Categoria riparte dal nuovo mister Riparte domenica prossima con la prima giornata il torneo provinciale di Terza Categoria che vede ai nastri di partenza ventisette squadre della Capitanata. Due i raggruppamenti: girone A con dodici squadre; girone B con quindici squadre, in quest\u2019ultimo \u00e8 [&hellip;]<\/p>\n","protected":false},"author":29,"featured_media":0,"comment_status":"open","ping_status":"open","sticky":false,"template":"","format":"standard","meta":[],"categories":[7],"tags":[],"_links":{"self":[{"href":"http:\/\/www.prolocodeliceto.it\/zeroweb\/index.php?rest_route=\/wp\/v2\/posts\/1044"}],"collection":[{"href":"http:\/\/www.prolocodeliceto.it\/zeroweb\/index.php?rest_route=\/wp\/v2\/posts"}],"about":[{"href":"http:\/\/www.prolocodeliceto.it\/zeroweb\/index.php?rest_route=\/wp\/v2\/types\/post"}],"author":[{"embeddable":true,"href":"http:\/\/www.prolocodeliceto.it\/zeroweb\/index.php?rest_route=\/wp\/v2\/users\/29"}],"replies":[{"embeddable":true,"href":"http:\/\/www.prolocodeliceto.it\/zeroweb\/index.php?rest_route=%2Fwp%2Fv2%2Fcomments&post=1044"}],"version-history":[{"count":0,"href":"http:\/\/www.prolocodeliceto.it\/zeroweb\/index.php?rest_route=\/wp\/v2\/posts\/1044\/revisions"}],"wp:attachment":[{"href":"http:\/\/www.prolocodeliceto.it\/zeroweb\/index.php?rest_route=%2Fwp%2Fv2%2Fmedia&parent=1044"}],"wp:term":[{"taxonomy":"category","embeddable":true,"href":"http:\/\/www.prolocodeliceto.it\/zeroweb\/index.php?rest_route=%2Fwp%2Fv2%2Fcategories&post=1044"},{"taxonomy":"post_tag","embeddable":true,"href":"http:\/\/www.prolocodeliceto.it\/zeroweb\/index.php?rest_route=%2Fwp%2Fv2%2Ftags&post=1044"}],"curies":[{"name":"wp","href":"https:\/\/api.w.org\/{rel}","templated":true}]}}