{"id":1039,"date":"2009-10-29T07:16:37","date_gmt":"2009-10-29T06:16:37","guid":{"rendered":"http:\/\/www.prolocodeliceto.it\/zeroweb\/?p=1039"},"modified":"2009-10-30T19:34:14","modified_gmt":"2009-10-30T18:34:14","slug":"occhio-e-invecchiamento","status":"publish","type":"post","link":"http:\/\/www.prolocodeliceto.it\/zeroweb\/?p=1039","title":{"rendered":"OCCHIO e INVECCHIAMENTO"},"content":{"rendered":"<h1 style=\"margin: 0cm 0cm 0pt\"><strong><\/strong><\/h1>\n<p><span style=\"font-size: 8pt\"><font face=\"Times New Roman\">A cura di Antonella Catenazzo<\/font><\/span><font face=\"Times New Roman\"> <\/font><\/p>\n<p style=\"margin: 0cm 0cm 0pt\" class=\"MsoNormal\"><font face=\"Times New Roman\">Ha avuto luogo nel pomeriggio di marted\u00ec 27 Ottobre scorso, presso la Sala Europa, il convegno dal titolo \u201cOcchio e invecchiamento\u201d.<\/font><\/p>\n<p style=\"margin: 0cm 0cm 0pt\" class=\"MsoNormal\"><font face=\"Times New Roman\">Vi hanno preso parte il sindaco di Deliceto, dott. Montanino, il Presidente dell\u2019Unione Italiana Ciechi per la provincia di Foggia dott. Michele Corcio e, in qualit\u00e0 di relatore, il Direttore della Cattedra di Oftalmologia presso l\u2019Universit\u00e0 di Foggia, prof. Nicola Delle Noci.<\/font><\/p>\n<p style=\"margin: 0cm 0cm 0pt\" class=\"MsoNormal\"><font face=\"Times New Roman\">Il convegno si prospettava assai interessante in quanto affrontava uno dei maggiori temi concernenti una buona qualit\u00e0 della vita: la vista.<\/font><\/p>\n<p style=\"margin: 0cm 0cm 0pt\" class=\"MsoNormal\"><font face=\"Times New Roman\">Disturbi come miopia, presbiopia, astigmatismo, ecc. sono certo assai diffusi e noti ai pi\u00f9, ma, nei limiti, restano nel campo dell\u2019estetica e di fastidi ridotti all\u2019uso degli occhiali o delle lenti a contatto.<\/font><\/p>\n<p style=\"margin: 0cm 0cm 0pt\" class=\"MsoNormal\"><font face=\"Times New Roman\">Vi sono tuttavia anche altre patologie altrettanto diffuse ma non altrettanto conosciute come ad esempio la degenerazione maculare senile, il glaucoma o il melanoma dell\u2019uvea (o tumore dell\u2019occhio).<\/font><\/p>\n<p style=\"margin: 0cm 0cm 0pt\" class=\"MsoNormal\"><font face=\"Times New Roman\">Si vive nell\u2019errata convinzione che determinati disturbi siano un problema che riguardi solo la vecchiaia, e certo l\u2019et\u00e0 \u00e8 un fattore di rischio. Ma non bisogna commettere l\u2019errore di relegare le preoccupazioni a \u201cquando sar\u00e0 il momento\u201d.<\/font><\/p>\n<p style=\"margin: 0cm 0cm 0pt\" class=\"MsoNormal\"><font face=\"Times New Roman\">Una buona prevenzione \u00e8 d\u2019obbligo, e il primo passo \u00e8 senza dubbio costituito da regolari controlli oculistici. Perch\u00e9, come ha fatto notare il prof. Delle Noci, l\u2019ottico pu\u00f2 certo essere d\u2019aiuto, ma solo la visita oculistica pu\u00f2 garantire una diagnosi completa della nostra situazione visiva e individuare patologie latenti che assai subdolamente si nascondono per manifestarsi quando \u00e8 ormai troppo tardi, a rischio di rimetterci non solo la vista, ma anche la vita (\u00e8 il caso del tumore dell\u2019occhio).<\/font><\/p>\n<p style=\"margin: 0cm 0cm 0pt\" class=\"MsoNormal\"><font face=\"Times New Roman\">Il prof. DelleNoci ha assai esaustivamente illustrato le pi\u00f9 lievi e le pi\u00f9 gravi patologie dell\u2019occhio, spiegando come la tecnica abbia compiuto davvero passi da gigante nella risoluzione dei disturbi visivi. Basti pensare a interventi un tempo assai fastidiosi e dolorosi come l\u2019intervento di cataratta, o interventi un tempo forse addirittura impensabili, come la correzione chirurgica di miopia e astigmatismo combinati e anche molto elevati, che oggi, pur rimanendo interventi chirurgici (che devono essere quindi affrontati come tali) possono essere eseguiti semplicemente in day-hospital.<\/font><\/p>\n<p style=\"margin: 0cm 0cm 0pt\" class=\"MsoNormal\"><font face=\"Times New Roman\">La spiegazione del prof. Delle Noci \u00e8 stata senza dubbio convincente, nonostante (o forse proprio grazie a questo) sia stata accompagnata da brevi filmati che mostravano con cruda ricchezza di particolari le diverse patologie e, soprattutto, i diversi interventi. Insomma, roba per stomaci forti. Anche se forse, come ha fatto notare il Sindaco Montanino, questo \u00e8 stato l\u2019effetto che ha fatto a noi, essendo invece il prof. Delle Noci abituato a vedere certe cose tutti i giorni.<\/font><\/p>\n<p style=\"margin: 0cm 0cm 0pt\" class=\"MsoNormal\"><font face=\"Times New Roman\">Il messaggio \u00e8 comunque chiaro: la cura della vista non va sottovalutata, e di certo \u00e8 di aiuto, come per tutto ci\u00f2 che ha a che fare con la salute, adottare uno stile di vita sano: niente alcol, niente fumo e una dieta equilibrata. A questo proposito, sembra che siamo fortunati, in quanto la dieta mediterranea, povera di grassi e ricca di antiossidanti, \u00e8 l\u2019ideale per la salute, anche dell\u2019occhio; seppure \u00e8 necessario sfatare vecchi miti: le carote che fanno bene alla vista? Si certo, l\u2019assunzione di betacarotene \u00e8 sempre utile, ma neanche se ci spuntassero le orecchie da coniglio a furia di ruminare carote riusciremmo mai ad assumerne una tale quantit\u00e0 da poter influire sulla vista. Si diano pace le mamme e gli ammiratori di Bugs Banny.<\/font><\/p>\n","protected":false},"excerpt":{"rendered":"<p>A cura di Antonella Catenazzo Ha avuto luogo nel pomeriggio di marted\u00ec 27 Ottobre scorso, presso la Sala Europa, il convegno dal titolo \u201cOcchio e invecchiamento\u201d. Vi hanno preso parte il sindaco di Deliceto, dott. Montanino, il Presidente dell\u2019Unione Italiana Ciechi per la provincia di Foggia dott. Michele Corcio e, in qualit\u00e0 di relatore, il [&hellip;]<\/p>\n","protected":false},"author":29,"featured_media":0,"comment_status":"open","ping_status":"open","sticky":false,"template":"","format":"standard","meta":[],"categories":[7],"tags":[],"_links":{"self":[{"href":"http:\/\/www.prolocodeliceto.it\/zeroweb\/index.php?rest_route=\/wp\/v2\/posts\/1039"}],"collection":[{"href":"http:\/\/www.prolocodeliceto.it\/zeroweb\/index.php?rest_route=\/wp\/v2\/posts"}],"about":[{"href":"http:\/\/www.prolocodeliceto.it\/zeroweb\/index.php?rest_route=\/wp\/v2\/types\/post"}],"author":[{"embeddable":true,"href":"http:\/\/www.prolocodeliceto.it\/zeroweb\/index.php?rest_route=\/wp\/v2\/users\/29"}],"replies":[{"embeddable":true,"href":"http:\/\/www.prolocodeliceto.it\/zeroweb\/index.php?rest_route=%2Fwp%2Fv2%2Fcomments&post=1039"}],"version-history":[{"count":0,"href":"http:\/\/www.prolocodeliceto.it\/zeroweb\/index.php?rest_route=\/wp\/v2\/posts\/1039\/revisions"}],"wp:attachment":[{"href":"http:\/\/www.prolocodeliceto.it\/zeroweb\/index.php?rest_route=%2Fwp%2Fv2%2Fmedia&parent=1039"}],"wp:term":[{"taxonomy":"category","embeddable":true,"href":"http:\/\/www.prolocodeliceto.it\/zeroweb\/index.php?rest_route=%2Fwp%2Fv2%2Fcategories&post=1039"},{"taxonomy":"post_tag","embeddable":true,"href":"http:\/\/www.prolocodeliceto.it\/zeroweb\/index.php?rest_route=%2Fwp%2Fv2%2Ftags&post=1039"}],"curies":[{"name":"wp","href":"https:\/\/api.w.org\/{rel}","templated":true}]}}