{"id":1038,"date":"2009-10-28T18:57:54","date_gmt":"2009-10-28T17:57:54","guid":{"rendered":"http:\/\/www.prolocodeliceto.it\/zeroweb\/?p=1038"},"modified":"2009-10-29T07:18:01","modified_gmt":"2009-10-29T06:18:01","slug":"torna-nel-suo-scenario-naturale","status":"publish","type":"post","link":"http:\/\/www.prolocodeliceto.it\/zeroweb\/?p=1038","title":{"rendered":"Torna nel suo scenario naturale &#8230;"},"content":{"rendered":"<p><strong><span style=\"font-size: 10pt; font-family: Verdana\">TORNA NEL SUO SCENARIO NATURALE LA RIEVOCAZIONE STORICA<\/span><\/strong><strong><span style=\"font-size: 10pt; font-family: Verdana\"><a href=\"http:\/\/www.prolocodeliceto.it\/zeroweb\/wp-content\/foto-m-roselli.jpg\" title=\"foto-m-roselli.jpg\"><img decoding=\"async\" loading=\"lazy\" width=\"144\" src=\"http:\/\/www.prolocodeliceto.it\/zeroweb\/wp-content\/foto-m-roselli.jpg\" alt=\"foto-m-roselli.jpg\" height=\"126\" style=\"width: 144px; height: 126px\" \/><\/a> <\/span><\/strong><strong><span style=\"font-size: 10pt; font-family: Verdana\"><strong><span style=\"font-size: 10pt; font-family: Verdana\">Dopo lunghi anni di restauro riaperto al pubblico il castello normanno-svevo, ove si \u00e8 celebrato l\u2019insediamento del marchese di Iliceto Antonio I Piccolomini<\/span><\/strong><strong><span style=\"font-size: 10pt; font-family: Verdana\"> <\/span><\/strong><\/p>\n<p><\/span><\/strong><strong><span style=\"font-size: 10pt; font-family: Verdana\">Michele Roselli<\/span><\/strong><strong><span style=\"font-size: 10pt; font-family: Verdana\"> <\/span><\/strong><strong><span style=\"font-size: 10pt; font-family: Verdana\"><strong><span style=\"font-size: 10pt; font-family: Verdana\">DELICETO<\/span><\/strong><span style=\"font-size: 10pt; font-family: Verdana\"> &#8211; Era stata, sicuramente, la grande assente del programma estivo delicetano, un appuntamento cui ormai siamo abituati e che si ripete da ben 26 anni. Stiamo parlando della Rievocazione Storica, che rappresenta la cerimonia d\u2019insediamento a marchese di Iliceto di Antonio I Piccolomini, manifestazione che si tenne per la prima volta nel lontano 1983, grazie all\u2019impegno della Pro Loco ma che quest\u2019anno ha assunto un significato e un fascino un po\u2019 particolari, perch\u00e9 diversi il suo svolgimento e soprattutto la conclusione, avvenuta, probabilmente, nel suo scenario naturale, ovvero, il castello normanno-svevo, ove, con ogni probabilit\u00e0, quell\u2019evento che si vuole rappresentare, si svolse, nell\u2019anno 1463.<\/span><span style=\"font-size: 10pt; font-family: Verdana\">Man mano che il corteo si avvicinava al castello, divenivano palpabili l\u2019attesa e la curiosit\u00e0, da parte dei giovanissimi, che in quel monumento non erano mai entrati, e dei meno giovani, di rivedere la struttura nella sua nuova veste architettonica. <strong>Prima sorpresa: la vecchia dimora del Marchese ha un nuovo portone d\u2019ingresso!<\/strong> Abbiamo appurato, in solido legno massello, di pino svedese, impregnato noce, posato in opera qualche giorno prima dal falegname Rocco Di Francesco e dall\u2019impresa Audacia Edil di Salvatore Di Francesco, riutilizzando le stesse griglie del portone preesistente. Una volta entrati nel maniero, il marchese Piccolomini (rappresentato dal sig. Giuseppe Zelano) e Donna Maria D\u2019Aragona (sig.ra Laura Cotoia), con al seguito dignitari, paggi, nobili, dame e cavalieri della corte, armigeri, sbandieratori, trombettieri con le loro chiarine, nonch\u00e9 il vescovo di Melfi (sig. Aldo Rea) messo del papa, prendono posto sul trono. Segue la cerimonia dell\u2019insediamento e la consegna delle chiavi del castello.<\/span><span style=\"font-size: 10pt; font-family: Verdana\">Nel frattempo la gente si guarda intorno, distratta da quell\u2019atmosfera quasi magica, incantata, comprensibilmente incredula; infatti, dopo un restauro, durato con alterne vicende ben 25 anni, si riappropria del suo monumento simbolo, del suo gioiello pi\u00f9 prezioso. Tanti, si rivedono ragazzi dell\u2019allora nascente Scuola Media (siamo negli anni Sessanta); l\u00ec c\u2019era l\u2019aula d\u2019Educazioni Tecniche, l\u00ec la presidenza, e nel salone la palestra\u2026 quanti ricordi! Gli sbandieratori Federiciani di Lucera danno prova della loro abilit\u00e0 ma i flashes delle macchinette fotografiche digitali non scattano solo per loro. C\u2019\u00e8 chi si fa fotografare con il torrione alle spalle, chi vicino alle damigelle, chi vicino al pozzo <strong>(ma dov\u2019\u00e8 finito il puteale?)<\/strong>, in maniera frenetica, come a voler recuperare il tempo perduto o, forse, timorosi di vedere quel sogno svanire all\u2019improvviso. E alla fine, come sicuramente deve essere stato all\u2019epoca, il banchetto per il popolo, a base di fagioli, vino e <em>cicce cuott\u2019. <\/em>Un doppio grazie alla Pro Loco, per essere riuscita, immancabilmente, con il sostegno dell\u2019Amministrazione Comunale ed il patrocinio di altri Enti ed Associazioni, ad effettuare, anche quest\u2019anno <\/span><\/p>\n<p><\/span><\/strong>\n<personname ProductID=\"la Rievocazione Storica\"><\/personname><span style=\"font-size: 10pt; font-family: Verdana\">la Rievocazione Storica<\/span><span style=\"font-size: 10pt; font-family: Verdana\">, non solo, ma anche per aver <u>dato un impulso alla conclusione dei lavori di restauro al castello<\/u>. Come ha sottolineato il sindaco Montanino, la manifestazione \u00e8 stata un\u2019opportunit\u00e0 per mostrare ai Delicetani il lavoro e lo sforzo che \u00e8 stato fatto dalle passate amministrazioni per riportare al suo splendore il vecchio maniero, ma anche un segno della volont\u00e0 di quella attuale a voler proseguire in questo impegno. La vera e propria inaugurazione del monumento \u00e8, comunque, di l\u00e0 da venire. Non sono, infatti, sfuggiti ad osservatori pi\u00f9 attenti, <strong>alcuni non trascurabili dettagli che fanno intravedere la necessit\u00e0 di ulteriori interventi di rifinitura<\/strong>, ma in conclusione si pu\u00f2 legittimamente affermare che il pi\u00f9 \u00e8 stato fatto, occorre guardare avanti e iniziare ad elaborare un progetto di utilizzo del castello che dia quel necessario impulso al turismo di questo paese.<\/span><\/p>\n","protected":false},"excerpt":{"rendered":"<p>TORNA NEL SUO SCENARIO NATURALE LA RIEVOCAZIONE STORICA Dopo lunghi anni di restauro riaperto al pubblico il castello normanno-svevo, ove si \u00e8 celebrato l\u2019insediamento del marchese di Iliceto Antonio I Piccolomini Michele Roselli DELICETO &#8211; Era stata, sicuramente, la grande assente del programma estivo delicetano, un appuntamento cui ormai siamo abituati e che si ripete [&hellip;]<\/p>\n","protected":false},"author":29,"featured_media":0,"comment_status":"open","ping_status":"open","sticky":false,"template":"","format":"standard","meta":[],"categories":[7],"tags":[],"_links":{"self":[{"href":"http:\/\/www.prolocodeliceto.it\/zeroweb\/index.php?rest_route=\/wp\/v2\/posts\/1038"}],"collection":[{"href":"http:\/\/www.prolocodeliceto.it\/zeroweb\/index.php?rest_route=\/wp\/v2\/posts"}],"about":[{"href":"http:\/\/www.prolocodeliceto.it\/zeroweb\/index.php?rest_route=\/wp\/v2\/types\/post"}],"author":[{"embeddable":true,"href":"http:\/\/www.prolocodeliceto.it\/zeroweb\/index.php?rest_route=\/wp\/v2\/users\/29"}],"replies":[{"embeddable":true,"href":"http:\/\/www.prolocodeliceto.it\/zeroweb\/index.php?rest_route=%2Fwp%2Fv2%2Fcomments&post=1038"}],"version-history":[{"count":0,"href":"http:\/\/www.prolocodeliceto.it\/zeroweb\/index.php?rest_route=\/wp\/v2\/posts\/1038\/revisions"}],"wp:attachment":[{"href":"http:\/\/www.prolocodeliceto.it\/zeroweb\/index.php?rest_route=%2Fwp%2Fv2%2Fmedia&parent=1038"}],"wp:term":[{"taxonomy":"category","embeddable":true,"href":"http:\/\/www.prolocodeliceto.it\/zeroweb\/index.php?rest_route=%2Fwp%2Fv2%2Fcategories&post=1038"},{"taxonomy":"post_tag","embeddable":true,"href":"http:\/\/www.prolocodeliceto.it\/zeroweb\/index.php?rest_route=%2Fwp%2Fv2%2Ftags&post=1038"}],"curies":[{"name":"wp","href":"https:\/\/api.w.org\/{rel}","templated":true}]}}