{"id":1022,"date":"2009-10-17T19:37:05","date_gmt":"2009-10-17T18:37:05","guid":{"rendered":"http:\/\/www.prolocodeliceto.it\/zeroweb\/?p=1022"},"modified":"2009-10-28T18:59:44","modified_gmt":"2009-10-28T17:59:44","slug":"lamministrazione-comunale-informa","status":"publish","type":"post","link":"http:\/\/www.prolocodeliceto.it\/zeroweb\/?p=1022","title":{"rendered":"L&#8217;AMMINISTRAZIONE COMUNALE INFORMA"},"content":{"rendered":"\n<p><strong><span style=\"font-family: Verdana; font-size: 10pt\">Vedere vuol dire vivere<\/span><\/strong><strong><span style=\"font-family: Verdana; font-size: 10pt\"> <\/span><\/strong><strong><span style=\"font-family: Verdana; font-size: 10pt\"><strong><span style=\"font-family: Verdana; font-size: 9pt\">A Deliceto visite oculistiche gratuite<\/span><\/strong><font face=\"Times\"> <\/font><\/p>\n<p><\/span><\/strong><span style=\"font-family: Verdana; font-size: 9pt\">L\u2018Amministrazione Comunale unitamente all\u2019Unione Italiana Ciechi della Provincia di Foggia e alla Cattedra di Oftalmologia dell\u2019Universit\u00e0 degli Studi di Foggia, organizza: <strong>Visite oculistiche Gratuite.<\/strong><\/span><span style=\"font-family: Verdana; font-size: 9pt\">L\u2019iniziativa che parte il 21 ottobre durer\u00e0 fino alla fine del mese e chiunque vorr\u00e0, potr\u00e0 recarsi presso il Piazzale Belvedere dalle ore 15:00 alle ore 18:00, e svolgere una completa visita medica.<\/span><span style=\"font-family: Verdana; font-size: 9pt\">Per prenotare la visita, tutti gli interessati, potranno rivolgersi al vice Sindaco Mariano Laudisi dal luned\u00ec al venerd\u00ec dalle ore 10:00 alle ore 12:00, presso il Comune di Deliceto.<\/span><span style=\"font-family: Verdana; font-size: 9pt\">Inoltre marted\u00ec 27 ottobre, alle ore 17:00, presso la Sala Europa, si svolger\u00e0 una conferenza a tema dal titolo: <strong>\u201cOcchio e invecchiamento\u201d<\/strong>, durante la quale interverranno:<\/span><span style=\"font-family: Verdana; font-size: 9pt\"> <\/span><span style=\"font-family: Verdana; font-size: 9pt\"><span style=\"font-family: Symbol; font-size: 9pt\"><span>\u00b7<span style=\"font: 7pt 'Times New Roman'\">         <\/span><\/span><\/span><strong><span style=\"font-family: Verdana; font-size: 9pt\">dott. Antonio Montanino<\/span><\/strong><span style=\"font-family: Verdana; font-size: 9pt\">Sindaco del Comune di Deliceto<\/span><span style=\"font-family: Verdana; font-size: 9pt\"> <\/span><\/p>\n<p><\/span><span style=\"font-family: Symbol; font-size: 9pt\"><span>\u00b7<span style=\"font: 7pt 'Times New Roman'\">         <\/span><\/span><\/span><strong><span style=\"font-family: Verdana; font-size: 9pt\">dott. Michele Corcio<\/span><\/strong><span style=\"font-family: Verdana; font-size: 9pt\">Presidente Unione Italiana Ciechi &#8211; Provincia di Foggia<\/span><span style=\"font-family: Verdana; font-size: 9pt\">Vice Presidente Nazionale Agenzia Internazionale per la prevenzione della Cecit\u00e0<\/span><span style=\"font-family: Verdana; font-size: 9pt\"> <\/span><span style=\"font-family: Verdana; font-size: 9pt\"><span style=\"font-family: Symbol; font-size: 9pt\"><span>\u00b7<span style=\"font: 7pt 'Times New Roman'\">         <\/span><\/span><\/span><strong><span style=\"font-family: Verdana; font-size: 9pt\">prof. Nicola Delle Noci<\/span><\/strong><span style=\"font-family: Verdana; font-size: 9pt\">Direttore Cattedra di Oftalmologia Universit\u00e0 degli Studi di Foggia Facolt\u00e0 di Medicina e <\/span><span style=\"font-family: Verdana; font-size: 9pt\">Chirurgia<\/span>                                                                 <a href=\"http:\/\/www.prolocodeliceto.it\/zeroweb\/wp-content\/visita-oculistica-ot091.jpg\" title=\"visita-oculistica-ot091.jpg\"><img decoding=\"async\" loading=\"lazy\" src=\"http:\/\/www.prolocodeliceto.it\/zeroweb\/wp-content\/visita-oculistica-ot091.jpg\" alt=\"visita-oculistica-ot091.jpg\" style=\"width: 187px; height: 241px\" height=\"241\" width=\"187\" \/><\/a><\/p>\n<p><\/span><\/p>\n","protected":false},"excerpt":{"rendered":"<p>Vedere vuol dire vivere A Deliceto visite oculistiche gratuite L\u2018Amministrazione Comunale unitamente all\u2019Unione Italiana Ciechi della Provincia di Foggia e alla Cattedra di Oftalmologia dell\u2019Universit\u00e0 degli Studi di Foggia, organizza: Visite oculistiche Gratuite.L\u2019iniziativa che parte il 21 ottobre durer\u00e0 fino alla fine del mese e chiunque vorr\u00e0, potr\u00e0 recarsi presso il Piazzale Belvedere dalle ore [&hellip;]<\/p>\n","protected":false},"author":29,"featured_media":0,"comment_status":"open","ping_status":"open","sticky":false,"template":"","format":"standard","meta":[],"categories":[7],"tags":[],"_links":{"self":[{"href":"http:\/\/www.prolocodeliceto.it\/zeroweb\/index.php?rest_route=\/wp\/v2\/posts\/1022"}],"collection":[{"href":"http:\/\/www.prolocodeliceto.it\/zeroweb\/index.php?rest_route=\/wp\/v2\/posts"}],"about":[{"href":"http:\/\/www.prolocodeliceto.it\/zeroweb\/index.php?rest_route=\/wp\/v2\/types\/post"}],"author":[{"embeddable":true,"href":"http:\/\/www.prolocodeliceto.it\/zeroweb\/index.php?rest_route=\/wp\/v2\/users\/29"}],"replies":[{"embeddable":true,"href":"http:\/\/www.prolocodeliceto.it\/zeroweb\/index.php?rest_route=%2Fwp%2Fv2%2Fcomments&post=1022"}],"version-history":[{"count":0,"href":"http:\/\/www.prolocodeliceto.it\/zeroweb\/index.php?rest_route=\/wp\/v2\/posts\/1022\/revisions"}],"wp:attachment":[{"href":"http:\/\/www.prolocodeliceto.it\/zeroweb\/index.php?rest_route=%2Fwp%2Fv2%2Fmedia&parent=1022"}],"wp:term":[{"taxonomy":"category","embeddable":true,"href":"http:\/\/www.prolocodeliceto.it\/zeroweb\/index.php?rest_route=%2Fwp%2Fv2%2Fcategories&post=1022"},{"taxonomy":"post_tag","embeddable":true,"href":"http:\/\/www.prolocodeliceto.it\/zeroweb\/index.php?rest_route=%2Fwp%2Fv2%2Ftags&post=1022"}],"curies":[{"name":"wp","href":"https:\/\/api.w.org\/{rel}","templated":true}]}}