{"id":1011,"date":"2009-10-07T09:42:05","date_gmt":"2009-10-07T08:42:05","guid":{"rendered":"http:\/\/www.prolocodeliceto.it\/zeroweb\/?p=1011"},"modified":"2009-10-08T10:19:34","modified_gmt":"2009-10-08T09:19:34","slug":"loreta-nunziata-mantiene-viva","status":"publish","type":"post","link":"http:\/\/www.prolocodeliceto.it\/zeroweb\/?p=1011","title":{"rendered":"LORETA NUNZIATA mantiene viva&#8230;"},"content":{"rendered":"<p><strong><span style=\"font-size: 10pt; font-family: Verdana\">La Nunziata mantiene sempre viva la memoria di Wojtyla<\/span><\/strong><span style=\"font-size: 10pt; font-family: Verdana\"> <\/span><span style=\"font-size: 10pt; font-family: Verdana\"> <\/span><strong><span style=\"font-size: 10pt; font-family: Verdana\">DELICETO &#8211;<\/span><\/strong><span style=\"font-size: 10pt; font-family: Verdana\"> Continua la prolifica attivit\u00e0 della scrittrice delicetana Loreta Nunziata, di cui ci eravamo gi\u00e0 occupati nel numero 30 del nostro giornale (marzo 2009). Loreta si dedica dal maggio 2005 al ricordo di Papa Giovanni Paolo II, pontefice che \u201cha fatto sciogliere cuore e lingua\u201d agli uomini e alle donne del nostro tempo. Terzo di quattro libri che la Nunziata ha scritto per tenere sempre viva la sua memoria, \u201cUn tesoro spirituale da donare a te\u201d \u00e8 una raccolta di preghiere dedicate appunto al Santo Padre. Poesie che scaturiscono dall\u2019esperienza quotidiana di madre, moglie e insegnante, di essere umano in ascesi che vuole condividere il suo percorso con tutti quelli che la leggeranno. Critiche benevole hanno circondato quest\u2019opera di Loreta Nunziata. Ci piace citarne qui una in particolare, di Giovanni Minerva, della Pontificia Accademia Tiberina di Roma e de \u201cIl Richiamo\u201d di Foggia, che dice: \u201cCredendo nella paternit\u00e0 di Dio da cui si sente protetta e amata, sente l\u2019impegno di affrontare con coraggio tutte le difficolt\u00e0 della vita, s\u00ec da essere splendida icona della santit\u00e0 del Signore, in famiglia [\u2026]; nel lavoro [\u2026]; a livello individuale, di una persona che vuole purificarsi in un cammino ascensionale di perfezione per aprirsi alla perfezione dell\u2019Eterno [\u2026]\u201d.<\/span><span style=\"font-size: 10pt; font-family: Verdana\"> <\/span><span style=\"font-size: 10pt; font-family: Verdana\"><strong><span style=\"font-size: 10pt; font-family: Verdana\">Angela Chinni<\/span><\/strong><\/p>\n<p><\/span><\/p>\n","protected":false},"excerpt":{"rendered":"<p>La Nunziata mantiene sempre viva la memoria di Wojtyla DELICETO &#8211; Continua la prolifica attivit\u00e0 della scrittrice delicetana Loreta Nunziata, di cui ci eravamo gi\u00e0 occupati nel numero 30 del nostro giornale (marzo 2009). Loreta si dedica dal maggio 2005 al ricordo di Papa Giovanni Paolo II, pontefice che \u201cha fatto sciogliere cuore e lingua\u201d [&hellip;]<\/p>\n","protected":false},"author":29,"featured_media":0,"comment_status":"open","ping_status":"open","sticky":false,"template":"","format":"standard","meta":[],"categories":[7],"tags":[],"_links":{"self":[{"href":"http:\/\/www.prolocodeliceto.it\/zeroweb\/index.php?rest_route=\/wp\/v2\/posts\/1011"}],"collection":[{"href":"http:\/\/www.prolocodeliceto.it\/zeroweb\/index.php?rest_route=\/wp\/v2\/posts"}],"about":[{"href":"http:\/\/www.prolocodeliceto.it\/zeroweb\/index.php?rest_route=\/wp\/v2\/types\/post"}],"author":[{"embeddable":true,"href":"http:\/\/www.prolocodeliceto.it\/zeroweb\/index.php?rest_route=\/wp\/v2\/users\/29"}],"replies":[{"embeddable":true,"href":"http:\/\/www.prolocodeliceto.it\/zeroweb\/index.php?rest_route=%2Fwp%2Fv2%2Fcomments&post=1011"}],"version-history":[{"count":0,"href":"http:\/\/www.prolocodeliceto.it\/zeroweb\/index.php?rest_route=\/wp\/v2\/posts\/1011\/revisions"}],"wp:attachment":[{"href":"http:\/\/www.prolocodeliceto.it\/zeroweb\/index.php?rest_route=%2Fwp%2Fv2%2Fmedia&parent=1011"}],"wp:term":[{"taxonomy":"category","embeddable":true,"href":"http:\/\/www.prolocodeliceto.it\/zeroweb\/index.php?rest_route=%2Fwp%2Fv2%2Fcategories&post=1011"},{"taxonomy":"post_tag","embeddable":true,"href":"http:\/\/www.prolocodeliceto.it\/zeroweb\/index.php?rest_route=%2Fwp%2Fv2%2Ftags&post=1011"}],"curies":[{"name":"wp","href":"https:\/\/api.w.org\/{rel}","templated":true}]}}