{"id":1000,"date":"2009-10-02T09:48:21","date_gmt":"2009-10-02T08:48:21","guid":{"rendered":"http:\/\/www.prolocodeliceto.it\/zeroweb\/?p=1000"},"modified":"2009-10-05T19:23:43","modified_gmt":"2009-10-05T18:23:43","slug":"un-patrimonio-da-salvare","status":"publish","type":"post","link":"http:\/\/www.prolocodeliceto.it\/zeroweb\/?p=1000","title":{"rendered":"Un Patrimonio da salvare"},"content":{"rendered":"<p><strong><span style=\"font-family: Verdana; font-size: 10pt\">Un patrimonio da salvare<\/span><\/strong><span style=\"font-family: Verdana; font-size: 9pt\"> <\/span><span style=\"font-family: Verdana; font-size: 9pt\"> <\/span><span style=\"font-family: Verdana; font-size: 9pt\"><\/span><span style=\"font-family: Verdana; font-size: 9pt\"><span style=\"font-family: Verdana; font-size: 9pt\"><\/span> <strong><span style=\"font-family: Verdana; font-size: 9pt\">ACCADIA &#8211;<\/span><\/strong><span style=\"font-family: Verdana; font-size: 9pt\"> L\u2019Associazione Culturale IL DIALOGO, in collaborazione con la Parrocchia SS. Pietro e Paolo, promuove un progetto di recupero e di restauro delle statue di santi, degli oggetti e dei paramenti non pi\u00f9 utilizzati nelle funzioni liturgiche, ma che costituiscono retaggio e segni del passato in ambito cultuale, testimonianza dei cambiamenti della sfera sacra, memoria storicizzata degli oggetti di culto che hanno contraddistinto la nostra comunit\u00e0 nelle passate generazioni.<\/span><span style=\"font-family: Verdana; font-size: 9pt\">Questi interventi di recupero sono fondamentali se si vuole evitare la distruzione, quindi la perdita, di opere alle quali gli Accadiesi sono da sempre legati. La loro conservazione e valorizzazione potr\u00e0 favorire la crescita culturale, catechetica e umana della nostra comunit\u00e0 invertendo, cos\u00ec, la passata tendenza alla disattenzione verso il nostro patrimonio storico. <\/span><span style=\"font-family: Verdana; font-size: 9pt\">L\u2019Associazione e la Parrocchia, attraverso questo progetto, mirano a costituire un <strong>\u201cMuseo di Arte Sacra\u201d,<\/strong> la cui funzione non \u00e8 solo quella di preservare gli oggetti dall\u2019usura del tempo e di evitare la dispersione del patrimonio storico-religioso accadiese, ma anche quella di farsi promotore e diffusore di cultura.<\/span><strong><span style=\"font-family: Verdana; font-size: 9pt\">Come stabilisce il Concilio Vaticano II, l\u2019arte sacra ha la funzione di continuare ad \u00abindirizzare religiosamente le menti degli uomini a Dio\u00bb. Lo stesso Pontificio Consiglio della Cultura sottolinea come \u00ab[\u2026] il patrimonio culturale della Chiesa testimonia una feconda simbiosi di cultura e fede. Esso costituisce una risorsa permanente per un\u2019educazione culturale catechetica, che unisce la verit\u00e0 della fede all\u2019autentica bellezza dell\u2019arte\u00bb. Giovanni Paolo II affermava che nel Museo si pu\u00f2 ricostruire, insieme all\u2019importanza storico\u2013artistica delle opere, il loro significato \u201cteologico, liturgico e devozionale\u201d: cio\u00e8 a dire le radici ecclesiastiche della comunit\u00e0.<\/span><\/strong><span style=\"font-family: Verdana; font-size: 9pt\"><\/span><strong><span style=\"font-family: Verdana; font-size: 9pt\">Dina De Bellis<\/span><\/strong><span style=\"font-family: Verdana; font-size: 9pt\"><\/span><\/span><\/p>\n","protected":false},"excerpt":{"rendered":"<p>Un patrimonio da salvare ACCADIA &#8211; L\u2019Associazione Culturale IL DIALOGO, in collaborazione con la Parrocchia SS. Pietro e Paolo, promuove un progetto di recupero e di restauro delle statue di santi, degli oggetti e dei paramenti non pi\u00f9 utilizzati nelle funzioni liturgiche, ma che costituiscono retaggio e segni del passato in ambito cultuale, testimonianza dei [&hellip;]<\/p>\n","protected":false},"author":29,"featured_media":0,"comment_status":"open","ping_status":"open","sticky":false,"template":"","format":"standard","meta":[],"categories":[7],"tags":[],"_links":{"self":[{"href":"http:\/\/www.prolocodeliceto.it\/zeroweb\/index.php?rest_route=\/wp\/v2\/posts\/1000"}],"collection":[{"href":"http:\/\/www.prolocodeliceto.it\/zeroweb\/index.php?rest_route=\/wp\/v2\/posts"}],"about":[{"href":"http:\/\/www.prolocodeliceto.it\/zeroweb\/index.php?rest_route=\/wp\/v2\/types\/post"}],"author":[{"embeddable":true,"href":"http:\/\/www.prolocodeliceto.it\/zeroweb\/index.php?rest_route=\/wp\/v2\/users\/29"}],"replies":[{"embeddable":true,"href":"http:\/\/www.prolocodeliceto.it\/zeroweb\/index.php?rest_route=%2Fwp%2Fv2%2Fcomments&post=1000"}],"version-history":[{"count":0,"href":"http:\/\/www.prolocodeliceto.it\/zeroweb\/index.php?rest_route=\/wp\/v2\/posts\/1000\/revisions"}],"wp:attachment":[{"href":"http:\/\/www.prolocodeliceto.it\/zeroweb\/index.php?rest_route=%2Fwp%2Fv2%2Fmedia&parent=1000"}],"wp:term":[{"taxonomy":"category","embeddable":true,"href":"http:\/\/www.prolocodeliceto.it\/zeroweb\/index.php?rest_route=%2Fwp%2Fv2%2Fcategories&post=1000"},{"taxonomy":"post_tag","embeddable":true,"href":"http:\/\/www.prolocodeliceto.it\/zeroweb\/index.php?rest_route=%2Fwp%2Fv2%2Ftags&post=1000"}],"curies":[{"name":"wp","href":"https:\/\/api.w.org\/{rel}","templated":true}]}}